{"id":938,"date":"2019-10-08T21:13:26","date_gmt":"2019-10-08T19:13:26","guid":{"rendered":"https:\/\/orangeacademy.cz\/clanky\/?p=938"},"modified":"2020-01-13T19:54:58","modified_gmt":"2020-01-13T18:54:58","slug":"ceka-nas-duchodova-reforma-zvysi-se-duchodovy-vek-na-67-let","status":"publish","type":"post","link":"https:\/\/orangeacademy.cz\/clanky\/ceka-nas-duchodova-reforma-zvysi-se-duchodovy-vek-na-67-let\/","title":{"rendered":"\u010cek\u00e1 n\u00e1s d\u016fchodov\u00e1 reforma? Zv\u00fd\u0161\u00ed se d\u016fchodov\u00fd v\u011bk na 67 let?"},"content":{"rendered":"<p><strong>Ministerstvo financ\u00ed se op\u011bt dotklo pichlav\u00e9ho t\u00e9matu, poslanci znovu obnovili debaty o zm\u011bn\u011b hranice pro odchod do d\u016fchodu. N\u011bkte\u0159\u00ed z nich navrhovali, aby se lidem, kte\u0159\u00ed se narodili v roce 1994 a pozd\u011bji, zv\u00fd\u0161il d\u016fchodov\u00fd v\u011bk na 67 let. Aktu\u00e1ln\u011b je tato hranice zastropov\u00e1na na 65 letech, ale na jak dlouho? Poda\u0159\u00ed se tento v\u011bkov\u00fd mantinel prorazit? Nastane d\u016fchodov\u00e1 reforma?<\/strong><\/p>\n<p>V\u0161ichni vid\u00edme, \u017ee \u010desk\u00e9 obyvatelstvo st\u00e1rne, d\u016fchodc\u016f je \u010d\u00edm d\u00e1l t\u00edm v\u00edce a v\u011bk do\u017eit\u00ed se ka\u017edoro\u010dn\u011b zvy\u0161uje. Bohu\u017eel se v\u0161ak tak\u00e9 pom\u011brov\u011b sni\u017euje po\u010det pracuj\u00edc\u00edch, kte\u0159\u00ed odv\u00e1d\u011bj\u00ed pen\u00edze na d\u016fchodov\u00fd syst\u00e9m. V roce 2020 se o\u010dek\u00e1v\u00e1, \u017ee na v\u00fdplatu penzist\u016f p\u016fjde v\u00edce ne\u017e p\u016fl bilionu korun.<\/p>\n<p>D\u016fchodov\u00fd syst\u00e9m u\u017e p\u011bknou \u0159\u00e1dku let vol\u00e1 po p\u0159evratu, ale na z\u00e1sadn\u00ed zm\u011bnu \u010cesk\u00e1 republika st\u00e1le \u010dek\u00e1. I podle N\u00e1rodn\u00ed rozpo\u010dtov\u00e9 rady re\u00e1ln\u011b hroz\u00ed, \u017ee pokud se u n\u00e1s nezm\u011bn\u00ed syst\u00e9m vypl\u00e1cen\u00ed penz\u00ed a nep\u0159ijde \u017e\u00e1dn\u00e1 dob\u0159e promy\u0161len\u00e1 d\u016fchodov\u00e1 reforma, \u010cesko bude zadlu\u017een\u011bj\u0161\u00ed v\u00edce ne\u017e \u0158ecko!<\/p>\n<h2>Jak dopadla nejnov\u011bj\u0161\u00ed anal\u00fdza v\u00fdpo\u010dtu odchodu v\u011bku do d\u016fchodu?<\/h2>\n<p>Ministryn\u011b pr\u00e1ce a soci\u00e1ln\u00edch v\u011bc\u00ed Jana Mal\u00e1\u010dov\u00e1 a jej\u00ed resort p\u0159ipravili v tomto roce novou anal\u00fdzu, a to s nov\u00fdm modelem v\u00fdpo\u010dtu odchodu v\u011bku do penze. Kalkuluje se v n\u011bm s nov\u011b zji\u0161t\u011bnou pr\u016fm\u011brnou d\u00e9lkou do\u017eit\u00ed \u010dlov\u011bka u n\u00e1s. Bere tak\u00e9 ohled na skute\u010dnost, \u017ee by si ka\u017ed\u00fd zaslou\u017eil v d\u016fchodu str\u00e1vit alespo\u0148 \u010dtvrtinu sv\u00e9ho \u017eivota.<\/p>\n<p>I kdy\u017e se st\u00e1le prodlu\u017euje doba do\u017eit\u00ed senior\u016f, tak podle statistik\u016f \u017eij\u00ed \u010ce\u0161i ve zdrav\u00ed o dva roky m\u00e9n\u011b, ne\u017e je evropsk\u00fd pr\u016fm\u011br. M\u011bl by se odchod do d\u016fchodu posuzovat podle n\u00e1ro\u010dnosti profese? N\u011bkte\u0159\u00ed souhlas\u00ed, av\u0161ak toto opat\u0159en\u00ed by st\u00e1t v p\u0159\u00ed\u0161t\u00edch letech st\u00e1l des\u00edtky miliard korun.<\/p>\n<p><iframe loading=\"lazy\" title=\"\u010cek\u00e1 n\u00e1s d\u016fchodov\u00e1 reforma? P\u016fjdou d\u016fchodci do penze a\u017e v 67 letech? | Orange Academy\" width=\"1080\" height=\"608\" src=\"https:\/\/www.youtube.com\/embed\/vmFwaBpCgkI?feature=oembed\"  allow=\"accelerometer; autoplay; clipboard-write; encrypted-media; gyroscope; picture-in-picture; web-share\" allowfullscreen><\/iframe><\/p>\n<h2>D\u016fchodov\u00e1 reforma? Podle odborn\u00edk\u016f rozhodn\u011b ano!<\/h2>\n<p>Dle n\u00e1zoru N\u00e1rodn\u00ed rozpo\u010dtov\u00e9 rady by m\u011bli politici zv\u00e1\u017eit ur\u010dit\u00e9 kroky, a to nav\u00fd\u0161en\u00ed p\u0159\u00edjm\u016f do st\u00e1tn\u00edho rozpo\u010dtu v podob\u011b vy\u0161\u0161\u00edch dan\u00ed a odvod\u016f, nebo naopak za\u010d\u00edt sni\u017eovat v\u00fddaje. Tak\u00e9 Evropsk\u00e1 komise n\u00e1m dlouhodob\u011b a opakovan\u011b vyt\u00fdk\u00e1 \u0161patn\u011b nastaven\u00fd d\u016fchodov\u00fd syst\u00e9m. Dokonce \u010deskou vl\u00e1du varovala, \u017ee v\u00fddaje na v\u00fdplatu penz\u00ed budou finan\u010dn\u00ed rozpo\u010det zat\u011b\u017eovat st\u00e1le v\u00edce.<\/p>\n<p>Podle progn\u00f3z se do\u010dk\u00e1me vrcholu v po\u010dtu starobn\u00edch d\u016fchod\u016f v roce 2059. O\u010dek\u00e1v\u00e1 se, \u017ee v t\u00e9 dob\u011b bude p\u0159es 3,2 milionu penzist\u016f. Tedy zhruba o t\u0159etinu v\u00edce, ne\u017e m\u00e1me dnes. A jak by m\u011bla d\u016fchodov\u00e1 reforma vypadat? Hovo\u0159\u00ed se o zv\u00fd\u0161en\u00ed dan\u00ed, posunut\u00ed v\u011bku do d\u016fchodu nebo sn\u00ed\u017een\u00ed penz\u00ed v pom\u011bru k pr\u016fm\u011brn\u00e9 mzd\u011b.<\/p>\n<h2>Od p\u0159\u00ed\u0161t\u00edho roku si d\u016fchodci polep\u0161\u00ed a\u017e o 900 K\u010d m\u011bs\u00ed\u010dn\u011b<\/h2>\n<p>Je to smutn\u00e9, ale d\u016fchody na\u0161ich \u010desk\u00fdch penzist\u016f jsou v porovn\u00e1n\u00ed s Evropskou uni\u00ed v hlubok\u00e9m podpr\u016fm\u011bru. Nap\u0159. v roce 2016 dos\u00e1hl v pr\u016fm\u011bru starobn\u00ed d\u016fchod v \u010cesku hodnoty 407 eur, p\u0159itom pr\u016fm\u011br Evropsk\u00e9 unie byl 1135 eur. Nejl\u00e9pe se maj\u00ed sta\u0159\u00ed lid\u00e9 v Rakousku a Nizozemsku, pr\u016fm\u011brn\u00fd d\u016fchod se tam pohybuje kolem 34 procent nad pr\u016fm\u011brem Evropsk\u00e9 unie.<br \/>\n<img loading=\"lazy\" decoding=\"async\" class=\"alignnone size-large wp-image-953\" src=\"https:\/\/orangeacademy.cz\/clanky\/wp-content\/uploads\/2019\/10\/ball-2585603_1920-930x523.jpg\" alt=\"d\u016fchodov\u00e1 reforma\" width=\"930\" height=\"523\" \/><br \/>\nVl\u00e1da sice schv\u00e1lila vy\u0161\u0161\u00ed d\u016fchody, ne ka\u017ed\u00fd v\u0161ak dos\u00e1hne na slibovan\u00fdch dev\u011bt set korun, n\u011bkomu budou muset sta\u010dit \u010dty\u0159i stovky. Jak to tedy je? Je jist\u00e9, \u017ee si ka\u017ed\u00fd penzista p\u0159ilep\u0161\u00ed nejm\u00e9n\u011b o 371 K\u010d. Pot\u00e9 se zv\u00fd\u0161\u00ed v\u00fdm\u011bra, kter\u00e1 odr\u00e1\u017e\u00ed odpracovan\u00e9 roky a v\u00fd\u0161i v\u00fdd\u011blk\u016f o 5,2 %. O cel\u00fdch 900 K\u010d si tedy p\u0159ilep\u0161\u00ed jen ten, kdo dosahuje na pr\u016fm\u011brn\u00fd d\u016fchod. U lid\u00ed s ni\u017e\u0161\u00ed penz\u00ed to bude podstatn\u011b m\u00e9n\u011b.<\/p>\n<p>Nap\u0159. lid\u00e9 s d\u016fchodem 12.000 K\u010d dostanou p\u0159id\u00e1no 825 K\u010d, lidem s v\u00fd\u0161\u00ed p\u0159es 11.500 p\u0159idaj\u00ed 800 K\u010d, a ti co maj\u00ed starobn\u00ed penzi jenom 8.000 K\u010d, z\u00edskaj\u00ed nav\u00edc celkem 617 K\u010d. Naopak lid\u00e9, kte\u0159\u00ed maj\u00ed vy\u0161\u0161\u00ed d\u016fchod ne\u017e je pr\u016fm\u011br, dos\u00e1hnou na p\u0159\u00eddavek kolem tis\u00edcikoruny m\u011bs\u00ed\u010dn\u011b. D\u016fchody jsou zvy\u0161ov\u00e1ny pravideln\u011b v\u017edy k prvn\u00edmu lednu v roce, a to o r\u016fst cen a polovinu <a href=\"https:\/\/orangeacademy.cz\/kurzy-ucetnictvi\/rekvalifikacni-kurz-mzdove-ucetnictvi-s-vyuzitim-pc\">r\u016fstu re\u00e1ln\u00fdch mezd<\/a>.<\/p>\n<h2>Kolik let si u\u017eijete d\u016fchodov\u00e9ho v\u011bku podle statistik?<\/h2>\n<p>Jak dlouho budete v penzi? Tuhle ot\u00e1zku si pokl\u00e1d\u00e1 mnoho z n\u00e1s. Zvl\u00e1\u0161\u0165, kdy\u017e se po\u0159\u00e1d mluv\u00ed o pozd\u011bj\u0161\u00edm odchodu do d\u016fchodu. Pro\u010d tomu tak je? Doba, kterou senio\u0159i tr\u00e1v\u00ed ve starobn\u00edm d\u016fchodu, se toti\u017e ka\u017edoro\u010dn\u011b postupn\u011b prodlu\u017euje. Aktu\u00e1ln\u011b te\u010f trv\u00e1 cca 24 let a 3 m\u011bs\u00edce, od po\u010d\u00e1tku tis\u00edcilet\u00ed se tak v pr\u016fm\u011bru prot\u00e1hla t\u00e9m\u011b\u0159 o v\u00edce ne\u017e \u010dty\u0159i roky.<\/p>\n<p>Tyto data uvedla na ve\u0159ejnost \u010cesk\u00e1 spr\u00e1va soci\u00e1ln\u00edho zabezpe\u010den\u00ed v r\u00e1mci statistick\u00e9 ro\u010denky. Je tedy jasn\u00e9, \u017ee se seniorky a senio\u0159i do\u017e\u00edvaj\u00ed vy\u0161\u0161\u00edho v\u011bku, ne\u017e tomu tak bylo v minulosti. Proto by podle statistik\u016f m\u011bli dne\u0161n\u00ed dvac\u00e1tn\u00edci a t\u0159ic\u00e1tn\u00edci odch\u00e1zet do d\u016fchodu pozd\u011bji ne\u017e v 65 letech. Nicm\u00e9n\u011b zat\u00edm to vl\u00e1da zam\u00edtla s t\u00edm, \u017ee se po\u010dk\u00e1 na \u0159e\u0161en\u00ed za dal\u0161\u00edch 5 let.<\/p>\n<h2>Schillerov\u00e1 slibuje, \u017ee bude do budoucna v\u00edc pen\u011bz na d\u016fchody<\/h2>\n<p>Ratingov\u00e1 agentura Moody&#8217;s nyn\u00ed zlep\u0161ila hodnocen\u00ed dlouhodob\u00fdch z\u00e1vazk\u016f \u010cesk\u00e9 republiky, a to na stupe\u0148 Aa3. Radost maj\u00ed ekonomov\u00e9 i z\u00e1stupci \u010desk\u00e9 vl\u00e1dy. Podle ministryn\u011b financ\u00ed, pan\u00ed Schillerov\u00e9 d\u00edky tomu \u010cesko u\u0161et\u0159\u00ed na financov\u00e1n\u00ed st\u00e1tn\u00edho dluhu. U\u0161et\u0159en\u00e9 pen\u00edze tak budou b\u00fdt moci pou\u017eity na d\u016fchody a opravy silnic. Podle ekonoma Luk\u00e1\u0161e Kovandy m\u00e1 \u010cesk\u00e1 republika nejlep\u0161\u00ed rating v historii, zm\u011bn\u011bn byl te\u010f po dlouh\u00fdch 17 letech.<\/p>\n<p>Kdy p\u016fjdete do d\u016fchodu podle aktu\u00e1ln\u00edch pravidel? Pod\u00edvejte se do <a href=\"https:\/\/www.kurzy.cz\/kalkulacka\/duchodova-kalkulacka\/\" target=\"_blank\" rel=\"noopener noreferrer\">d\u016fchodov\u00e9 kalkula\u010dky<\/a>.<\/p>\n<p>A jak byste d\u016fchodovou reformu \u0159e\u0161ili vy? Napi\u0161te n\u00e1m do koment\u00e1\u0159e.<\/p>\n<p>Odeb\u00edrejte n\u00e1\u0161 kan\u00e1l Orange Academy <a href=\"https:\/\/bit.ly\/2OuKY7O\" target=\"_blank\" rel=\"noopener noreferrer\">https:\/\/bit.ly\/2OuKY7O<\/a>.<\/p>\n<p>Zdroj: seznam.cz, idnes.cz, kurzy.cz<\/p>\n","protected":false},"excerpt":{"rendered":"<p>Ministerstvo financ\u00ed se op\u011bt dotklo pichlav\u00e9ho t\u00e9matu, poslanci znovu obnovili debaty o zm\u011bn\u011b hranice pro odchod do d\u016fchodu. N\u011bkte\u0159\u00ed z nich navrhovali, aby se lidem, kte\u0159\u00ed se narodili v roce 1994 a pozd\u011bji, zv\u00fd\u0161il d\u016fchodov\u00fd v\u011bk na 67 let. Aktu\u00e1ln\u011b je tato hranice zastropov\u00e1na na 65 letech, ale na jak dlouho? Poda\u0159\u00ed se tento v\u011bkov\u00fd [&hellip;]<\/p>\n","protected":false},"author":8,"featured_media":941,"comment_status":"open","ping_status":"open","sticky":false,"template":"","format":"standard","meta":{"_et_pb_use_builder":"","_et_pb_old_content":"","_et_gb_content_width":"","footnotes":""},"categories":[20],"tags":[35,46,26],"class_list":["post-938","post","type-post","status-publish","format-standard","has-post-thumbnail","hentry","category-prace-a-kariera","tag-kariera","tag-prace","tag-vysvetleni-zakonu"],"yoast_head":"<!-- This site is optimized with the Yoast SEO plugin v27.5 - https:\/\/yoast.com\/product\/yoast-seo-wordpress\/ -->\n<title>\u010cek\u00e1 n\u00e1s d\u016fchodov\u00e1 reforma? Zv\u00fd\u0161\u00ed se d\u016fchodov\u00fd v\u011bk na 67 let?<\/title>\n<meta name=\"description\" content=\"\u010cesk\u00e9 obyvatelstvo st\u00e1rne a d\u00e9lka do\u017eit\u00ed d\u016fchodc\u016f se ka\u017edoro\u010dn\u011b prodlu\u017euje. Pokud nep\u0159ijde d\u016fchodov\u00e1 reforma, \u010cesko bude zadlu\u017een\u011bj\u0161\u00ed v\u00edce ne\u017e \u0158ecko!\" \/>\n<meta name=\"robots\" content=\"index, follow, max-snippet:-1, max-image-preview:large, max-video-preview:-1\" \/>\n<link rel=\"canonical\" href=\"https:\/\/orangeacademy.cz\/clanky\/ceka-nas-duchodova-reforma-zvysi-se-duchodovy-vek-na-67-let\/\" \/>\n<meta property=\"og:locale\" content=\"cs_CZ\" \/>\n<meta property=\"og:type\" content=\"article\" \/>\n<meta property=\"og:title\" content=\"\u010cek\u00e1 n\u00e1s d\u016fchodov\u00e1 reforma? Zv\u00fd\u0161\u00ed se d\u016fchodov\u00fd v\u011bk na 67 let?\" \/>\n<meta property=\"og:description\" content=\"\u010cesk\u00e9 obyvatelstvo st\u00e1rne a d\u00e9lka do\u017eit\u00ed d\u016fchodc\u016f se ka\u017edoro\u010dn\u011b prodlu\u017euje. Pokud nep\u0159ijde d\u016fchodov\u00e1 reforma, \u010cesko bude zadlu\u017een\u011bj\u0161\u00ed v\u00edce ne\u017e \u0158ecko!\" \/>\n<meta property=\"og:url\" content=\"https:\/\/orangeacademy.cz\/clanky\/ceka-nas-duchodova-reforma-zvysi-se-duchodovy-vek-na-67-let\/\" \/>\n<meta property=\"og:site_name\" content=\"Blog Orange Academy\" \/>\n<meta property=\"article:publisher\" content=\"https:\/\/www.facebook.com\/OrangeAcademy.sro\" \/>\n<meta property=\"article:published_time\" content=\"2019-10-08T19:13:26+00:00\" \/>\n<meta property=\"article:modified_time\" content=\"2020-01-13T18:54:58+00:00\" \/>\n<meta property=\"og:image\" content=\"https:\/\/orangeacademy.cz\/clanky\/wp-content\/uploads\/2019\/10\/ceka-nas-duchodova-reforma-zvysi-se-duchodovy-vek.jpg\" \/>\n\t<meta property=\"og:image:width\" content=\"1920\" \/>\n\t<meta property=\"og:image:height\" content=\"1440\" \/>\n\t<meta property=\"og:image:type\" content=\"image\/jpeg\" \/>\n<meta name=\"author\" content=\"Zuzana Kl\u00edmov\u00e1\" \/>\n<meta name=\"twitter:card\" content=\"summary_large_image\" \/>\n<meta name=\"twitter:label1\" content=\"Napsal(a)\" \/>\n\t<meta name=\"twitter:data1\" content=\"Zuzana Kl\u00edmov\u00e1\" \/>\n\t<meta name=\"twitter:label2\" content=\"Odhadovan\u00e1 doba \u010dten\u00ed\" \/>\n\t<meta name=\"twitter:data2\" content=\"6 minut\" \/>\n<!-- \/ Yoast SEO plugin. -->","yoast_head_json":{"title":"\u010cek\u00e1 n\u00e1s d\u016fchodov\u00e1 reforma? Zv\u00fd\u0161\u00ed se d\u016fchodov\u00fd v\u011bk na 67 let?","description":"\u010cesk\u00e9 obyvatelstvo st\u00e1rne a d\u00e9lka do\u017eit\u00ed d\u016fchodc\u016f se ka\u017edoro\u010dn\u011b prodlu\u017euje. Pokud nep\u0159ijde d\u016fchodov\u00e1 reforma, \u010cesko bude zadlu\u017een\u011bj\u0161\u00ed v\u00edce ne\u017e \u0158ecko!","robots":{"index":"index","follow":"follow","max-snippet":"max-snippet:-1","max-image-preview":"max-image-preview:large","max-video-preview":"max-video-preview:-1"},"canonical":"https:\/\/orangeacademy.cz\/clanky\/ceka-nas-duchodova-reforma-zvysi-se-duchodovy-vek-na-67-let\/","og_locale":"cs_CZ","og_type":"article","og_title":"\u010cek\u00e1 n\u00e1s d\u016fchodov\u00e1 reforma? Zv\u00fd\u0161\u00ed se d\u016fchodov\u00fd v\u011bk na 67 let?","og_description":"\u010cesk\u00e9 obyvatelstvo st\u00e1rne a d\u00e9lka do\u017eit\u00ed d\u016fchodc\u016f se ka\u017edoro\u010dn\u011b prodlu\u017euje. Pokud nep\u0159ijde d\u016fchodov\u00e1 reforma, \u010cesko bude zadlu\u017een\u011bj\u0161\u00ed v\u00edce ne\u017e \u0158ecko!","og_url":"https:\/\/orangeacademy.cz\/clanky\/ceka-nas-duchodova-reforma-zvysi-se-duchodovy-vek-na-67-let\/","og_site_name":"Blog Orange Academy","article_publisher":"https:\/\/www.facebook.com\/OrangeAcademy.sro","article_published_time":"2019-10-08T19:13:26+00:00","article_modified_time":"2020-01-13T18:54:58+00:00","og_image":[{"width":1920,"height":1440,"url":"https:\/\/orangeacademy.cz\/clanky\/wp-content\/uploads\/2019\/10\/ceka-nas-duchodova-reforma-zvysi-se-duchodovy-vek.jpg","type":"image\/jpeg"}],"author":"Zuzana Kl\u00edmov\u00e1","twitter_card":"summary_large_image","twitter_misc":{"Napsal(a)":"Zuzana Kl\u00edmov\u00e1","Odhadovan\u00e1 doba \u010dten\u00ed":"6 minut"},"schema":{"@context":"https:\/\/schema.org","@graph":[{"@type":"Article","@id":"https:\/\/orangeacademy.cz\/clanky\/ceka-nas-duchodova-reforma-zvysi-se-duchodovy-vek-na-67-let\/#article","isPartOf":{"@id":"https:\/\/orangeacademy.cz\/clanky\/ceka-nas-duchodova-reforma-zvysi-se-duchodovy-vek-na-67-let\/"},"author":{"name":"Zuzana Kl\u00edmov\u00e1","@id":"https:\/\/orangeacademy.cz\/clanky\/#\/schema\/person\/481055e8147552df844d61515e604290"},"headline":"\u010cek\u00e1 n\u00e1s d\u016fchodov\u00e1 reforma? Zv\u00fd\u0161\u00ed se d\u016fchodov\u00fd v\u011bk na 67 let?","datePublished":"2019-10-08T19:13:26+00:00","dateModified":"2020-01-13T18:54:58+00:00","mainEntityOfPage":{"@id":"https:\/\/orangeacademy.cz\/clanky\/ceka-nas-duchodova-reforma-zvysi-se-duchodovy-vek-na-67-let\/"},"wordCount":1168,"commentCount":0,"image":{"@id":"https:\/\/orangeacademy.cz\/clanky\/ceka-nas-duchodova-reforma-zvysi-se-duchodovy-vek-na-67-let\/#primaryimage"},"thumbnailUrl":"https:\/\/orangeacademy.cz\/clanky\/wp-content\/uploads\/2019\/10\/ceka-nas-duchodova-reforma-zvysi-se-duchodovy-vek.jpg","keywords":["Kari\u00e9ra","Pr\u00e1ce","Vysv\u011btlen\u00ed z\u00e1kon\u016f"],"articleSection":["Pr\u00e1ce a kari\u00e9ra"],"inLanguage":"cs","potentialAction":[{"@type":"CommentAction","name":"Comment","target":["https:\/\/orangeacademy.cz\/clanky\/ceka-nas-duchodova-reforma-zvysi-se-duchodovy-vek-na-67-let\/#respond"]}]},{"@type":"WebPage","@id":"https:\/\/orangeacademy.cz\/clanky\/ceka-nas-duchodova-reforma-zvysi-se-duchodovy-vek-na-67-let\/","url":"https:\/\/orangeacademy.cz\/clanky\/ceka-nas-duchodova-reforma-zvysi-se-duchodovy-vek-na-67-let\/","name":"\u010cek\u00e1 n\u00e1s d\u016fchodov\u00e1 reforma? Zv\u00fd\u0161\u00ed se d\u016fchodov\u00fd v\u011bk na 67 let?","isPartOf":{"@id":"https:\/\/orangeacademy.cz\/clanky\/#website"},"primaryImageOfPage":{"@id":"https:\/\/orangeacademy.cz\/clanky\/ceka-nas-duchodova-reforma-zvysi-se-duchodovy-vek-na-67-let\/#primaryimage"},"image":{"@id":"https:\/\/orangeacademy.cz\/clanky\/ceka-nas-duchodova-reforma-zvysi-se-duchodovy-vek-na-67-let\/#primaryimage"},"thumbnailUrl":"https:\/\/orangeacademy.cz\/clanky\/wp-content\/uploads\/2019\/10\/ceka-nas-duchodova-reforma-zvysi-se-duchodovy-vek.jpg","datePublished":"2019-10-08T19:13:26+00:00","dateModified":"2020-01-13T18:54:58+00:00","author":{"@id":"https:\/\/orangeacademy.cz\/clanky\/#\/schema\/person\/481055e8147552df844d61515e604290"},"description":"\u010cesk\u00e9 obyvatelstvo st\u00e1rne a d\u00e9lka do\u017eit\u00ed d\u016fchodc\u016f se ka\u017edoro\u010dn\u011b prodlu\u017euje. Pokud nep\u0159ijde d\u016fchodov\u00e1 reforma, \u010cesko bude zadlu\u017een\u011bj\u0161\u00ed v\u00edce ne\u017e \u0158ecko!","breadcrumb":{"@id":"https:\/\/orangeacademy.cz\/clanky\/ceka-nas-duchodova-reforma-zvysi-se-duchodovy-vek-na-67-let\/#breadcrumb"},"inLanguage":"cs","potentialAction":[{"@type":"ReadAction","target":["https:\/\/orangeacademy.cz\/clanky\/ceka-nas-duchodova-reforma-zvysi-se-duchodovy-vek-na-67-let\/"]}]},{"@type":"ImageObject","inLanguage":"cs","@id":"https:\/\/orangeacademy.cz\/clanky\/ceka-nas-duchodova-reforma-zvysi-se-duchodovy-vek-na-67-let\/#primaryimage","url":"https:\/\/orangeacademy.cz\/clanky\/wp-content\/uploads\/2019\/10\/ceka-nas-duchodova-reforma-zvysi-se-duchodovy-vek.jpg","contentUrl":"https:\/\/orangeacademy.cz\/clanky\/wp-content\/uploads\/2019\/10\/ceka-nas-duchodova-reforma-zvysi-se-duchodovy-vek.jpg","width":1920,"height":1440,"caption":"d\u016fchodov\u00e1 reforma"},{"@type":"BreadcrumbList","@id":"https:\/\/orangeacademy.cz\/clanky\/ceka-nas-duchodova-reforma-zvysi-se-duchodovy-vek-na-67-let\/#breadcrumb","itemListElement":[{"@type":"ListItem","position":1,"name":"Home","item":"https:\/\/orangeacademy.cz\/clanky\/"},{"@type":"ListItem","position":2,"name":"\u010cek\u00e1 n\u00e1s d\u016fchodov\u00e1 reforma? Zv\u00fd\u0161\u00ed se d\u016fchodov\u00fd v\u011bk na 67 let?"}]},{"@type":"WebSite","@id":"https:\/\/orangeacademy.cz\/clanky\/#website","url":"https:\/\/orangeacademy.cz\/clanky\/","name":"Blog Orange Academy","description":"Kurzy, rekvalifikace, lep\u0161\u00ed pr\u00e1ce i \u017eivot","potentialAction":[{"@type":"SearchAction","target":{"@type":"EntryPoint","urlTemplate":"https:\/\/orangeacademy.cz\/clanky\/?s={search_term_string}"},"query-input":{"@type":"PropertyValueSpecification","valueRequired":true,"valueName":"search_term_string"}}],"inLanguage":"cs"},{"@type":"Person","@id":"https:\/\/orangeacademy.cz\/clanky\/#\/schema\/person\/481055e8147552df844d61515e604290","name":"Zuzana Kl\u00edmov\u00e1","image":{"@type":"ImageObject","inLanguage":"cs","@id":"https:\/\/secure.gravatar.com\/avatar\/4460d4af4d2a189c146b0ab3cb490223f0a735ec419393c9fc8be12c192b815e?s=96&d=wavatar&r=g","url":"https:\/\/secure.gravatar.com\/avatar\/4460d4af4d2a189c146b0ab3cb490223f0a735ec419393c9fc8be12c192b815e?s=96&d=wavatar&r=g","contentUrl":"https:\/\/secure.gravatar.com\/avatar\/4460d4af4d2a189c146b0ab3cb490223f0a735ec419393c9fc8be12c192b815e?s=96&d=wavatar&r=g","caption":"Zuzana Kl\u00edmov\u00e1"},"sameAs":["https:\/\/orangeacademy.cz\/lide\/zuzana-klimova"],"url":"https:\/\/orangeacademy.cz\/clanky\/author\/klimova\/"}]}},"_links":{"self":[{"href":"https:\/\/orangeacademy.cz\/clanky\/wp-json\/wp\/v2\/posts\/938","targetHints":{"allow":["GET"]}}],"collection":[{"href":"https:\/\/orangeacademy.cz\/clanky\/wp-json\/wp\/v2\/posts"}],"about":[{"href":"https:\/\/orangeacademy.cz\/clanky\/wp-json\/wp\/v2\/types\/post"}],"author":[{"embeddable":true,"href":"https:\/\/orangeacademy.cz\/clanky\/wp-json\/wp\/v2\/users\/8"}],"replies":[{"embeddable":true,"href":"https:\/\/orangeacademy.cz\/clanky\/wp-json\/wp\/v2\/comments?post=938"}],"version-history":[{"count":5,"href":"https:\/\/orangeacademy.cz\/clanky\/wp-json\/wp\/v2\/posts\/938\/revisions"}],"predecessor-version":[{"id":1646,"href":"https:\/\/orangeacademy.cz\/clanky\/wp-json\/wp\/v2\/posts\/938\/revisions\/1646"}],"wp:featuredmedia":[{"embeddable":true,"href":"https:\/\/orangeacademy.cz\/clanky\/wp-json\/wp\/v2\/media\/941"}],"wp:attachment":[{"href":"https:\/\/orangeacademy.cz\/clanky\/wp-json\/wp\/v2\/media?parent=938"}],"wp:term":[{"taxonomy":"category","embeddable":true,"href":"https:\/\/orangeacademy.cz\/clanky\/wp-json\/wp\/v2\/categories?post=938"},{"taxonomy":"post_tag","embeddable":true,"href":"https:\/\/orangeacademy.cz\/clanky\/wp-json\/wp\/v2\/tags?post=938"}],"curies":[{"name":"wp","href":"https:\/\/api.w.org\/{rel}","templated":true}]}}