{"id":7084,"date":"2023-05-18T09:57:27","date_gmt":"2023-05-18T07:57:27","guid":{"rendered":"https:\/\/orangeacademy.cz\/clanky\/?p=7084"},"modified":"2023-05-12T14:01:03","modified_gmt":"2023-05-12T12:01:03","slug":"kriticke-mysleni","status":"publish","type":"post","link":"https:\/\/orangeacademy.cz\/clanky\/kriticke-mysleni\/","title":{"rendered":"Kritick\u00e9 my\u0161len\u00ed: Pro\u010d je d\u016fle\u017eit\u00e9 a jak ho zlep\u0161it?"},"content":{"rendered":"<p><strong>Kritick\u00e9 my\u0161len\u00ed je v dne\u0161n\u00edm sv\u011bt\u011b nezbytnou dovednost\u00ed a je mo\u017en\u00e1 d\u016fle\u017eit\u011bj\u0161\u00ed ne\u017e kdykoli p\u0159edt\u00edm. Jak\u00e9 jsou v\u0161ak d\u016fsledky nedostatku dovednost\u00ed kritick\u00e9ho my\u0161len\u00ed a jak m\u016f\u017eeme na\u0161im d\u011btem pomoci tyto dovednosti rozv\u00edjet? V tomto \u010dl\u00e1nku se budeme zab\u00fdvat t\u00edm, pro\u010d je kritick\u00e9 my\u0161len\u00ed tak d\u016fle\u017eit\u00e9, a tak\u00e9 zp\u016fsoby, jak ho zlep\u0161it. <\/strong><\/p>\n<div id=\"ez-toc-container\" class=\"ez-toc-v2_0_82_2 counter-hierarchy ez-toc-counter ez-toc-custom ez-toc-container-direction\">\n<p class=\"ez-toc-title\" style=\"cursor:inherit\">Obsah<\/p>\n<label for=\"ez-toc-cssicon-toggle-item-69f40e7e2a938\" class=\"ez-toc-cssicon-toggle-label\"><span class=\"\"><span class=\"eztoc-hide\" style=\"display:none;\">Toggle<\/span><span class=\"ez-toc-icon-toggle-span\"><svg style=\"fill: #666666;color:#666666\" xmlns=\"http:\/\/www.w3.org\/2000\/svg\" class=\"list-377408\" width=\"20px\" height=\"20px\" viewBox=\"0 0 24 24\" fill=\"none\"><path d=\"M6 6H4v2h2V6zm14 0H8v2h12V6zM4 11h2v2H4v-2zm16 0H8v2h12v-2zM4 16h2v2H4v-2zm16 0H8v2h12v-2z\" fill=\"currentColor\"><\/path><\/svg><svg style=\"fill: #666666;color:#666666\" class=\"arrow-unsorted-368013\" xmlns=\"http:\/\/www.w3.org\/2000\/svg\" width=\"10px\" height=\"10px\" viewBox=\"0 0 24 24\" version=\"1.2\" baseProfile=\"tiny\"><path d=\"M18.2 9.3l-6.2-6.3-6.2 6.3c-.2.2-.3.4-.3.7s.1.5.3.7c.2.2.4.3.7.3h11c.3 0 .5-.1.7-.3.2-.2.3-.5.3-.7s-.1-.5-.3-.7zM5.8 14.7l6.2 6.3 6.2-6.3c.2-.2.3-.5.3-.7s-.1-.5-.3-.7c-.2-.2-.4-.3-.7-.3h-11c-.3 0-.5.1-.7.3-.2.2-.3.5-.3.7s.1.5.3.7z\"\/><\/svg><\/span><\/span><\/label><input type=\"checkbox\"  id=\"ez-toc-cssicon-toggle-item-69f40e7e2a938\"  aria-label=\"Toggle\" \/><nav><ul class='ez-toc-list ez-toc-list-level-1 ' ><li class='ez-toc-page-1 ez-toc-heading-level-2'><a class=\"ez-toc-link ez-toc-heading-1\" href=\"https:\/\/orangeacademy.cz\/clanky\/kriticke-mysleni\/#Co_je_to_kriticke_mysleni\" >Co je to kritick\u00e9 my\u0161len\u00ed?<\/a><\/li><li class='ez-toc-page-1 ez-toc-heading-level-2'><a class=\"ez-toc-link ez-toc-heading-2\" href=\"https:\/\/orangeacademy.cz\/clanky\/kriticke-mysleni\/#Vzdelavaci_system_a_kriticke_mysleni\" >Vzd\u011bl\u00e1vac\u00ed syst\u00e9m a kritick\u00e9 my\u0161len\u00ed<\/a><\/li><li class='ez-toc-page-1 ez-toc-heading-level-2'><a class=\"ez-toc-link ez-toc-heading-3\" href=\"https:\/\/orangeacademy.cz\/clanky\/kriticke-mysleni\/#Jake_jsou_vyhody_lidi_s_kritickym_myslenim\" >Jak\u00e9 jsou v\u00fdhody lid\u00ed s kritick\u00fdm my\u0161len\u00edm<\/a><\/li><li class='ez-toc-page-1 ez-toc-heading-level-2'><a class=\"ez-toc-link ez-toc-heading-4\" href=\"https:\/\/orangeacademy.cz\/clanky\/kriticke-mysleni\/#3_vyhody_rozvijeni_dovednosti_kritickeho_mysleni\" >3 v\u00fdhody rozv\u00edjen\u00ed dovednosti kritick\u00e9ho my\u0161len\u00ed<\/a><\/li><li class='ez-toc-page-1 ez-toc-heading-level-2'><a class=\"ez-toc-link ez-toc-heading-5\" href=\"https:\/\/orangeacademy.cz\/clanky\/kriticke-mysleni\/#Jak_zlepsit_kriticke_mysleni\" >Jak zlep\u0161it kritick\u00e9 my\u0161len\u00ed<\/a><\/li><li class='ez-toc-page-1 ez-toc-heading-level-2'><a class=\"ez-toc-link ez-toc-heading-6\" href=\"https:\/\/orangeacademy.cz\/clanky\/kriticke-mysleni\/#Dusledky_nedostatku_kritickeho_mysleni\" >D\u016fsledky nedostatku kritick\u00e9ho my\u0161len\u00ed<\/a><\/li><li class='ez-toc-page-1 ez-toc-heading-level-2'><a class=\"ez-toc-link ez-toc-heading-7\" href=\"https:\/\/orangeacademy.cz\/clanky\/kriticke-mysleni\/#Prakticke_tipy_na_zlepseni_kritickeho_mysleni\" >Praktick\u00e9 tipy na zlep\u0161en\u00ed kritick\u00e9ho my\u0161len\u00ed<\/a><\/li><li class='ez-toc-page-1 ez-toc-heading-level-2'><a class=\"ez-toc-link ez-toc-heading-8\" href=\"https:\/\/orangeacademy.cz\/clanky\/kriticke-mysleni\/#Vychova_deti_ke_kritickemu_mysleni\" >V\u00fdchova d\u011bt\u00ed ke kritick\u00e9mu my\u0161len\u00ed<\/a><\/li><li class='ez-toc-page-1 ez-toc-heading-level-2'><a class=\"ez-toc-link ez-toc-heading-9\" href=\"https:\/\/orangeacademy.cz\/clanky\/kriticke-mysleni\/#Kriticke_mysleni_v_digitalnim_veku\" >Kritick\u00e9 my\u0161len\u00ed v digit\u00e1ln\u00edm v\u011bku<\/a><\/li><li class='ez-toc-page-1 ez-toc-heading-level-2'><a class=\"ez-toc-link ez-toc-heading-10\" href=\"https:\/\/orangeacademy.cz\/clanky\/kriticke-mysleni\/#Fake_news_a_kriticke_mysleni\" >Fake news a kritick\u00e9 my\u0161len\u00ed<\/a><\/li><li class='ez-toc-page-1 ez-toc-heading-level-2'><a class=\"ez-toc-link ez-toc-heading-11\" href=\"https:\/\/orangeacademy.cz\/clanky\/kriticke-mysleni\/#Chcete_si_zlepsit_kriticke_mysleni\" >Chcete si zlep\u0161it kritick\u00e9 my\u0161len\u00ed?<\/a><\/li><li class='ez-toc-page-1 ez-toc-heading-level-2'><a class=\"ez-toc-link ez-toc-heading-12\" href=\"https:\/\/orangeacademy.cz\/clanky\/kriticke-mysleni\/#Zaver\" >Z\u00e1v\u011br<\/a><\/li><\/ul><\/nav><\/div>\n<h2><span class=\"ez-toc-section\" id=\"Co_je_to_kriticke_mysleni\"><\/span>Co je to kritick\u00e9 my\u0161len\u00ed?<span class=\"ez-toc-section-end\"><\/span><\/h2>\n<p>Kritick\u00e9 my\u0161len\u00ed je dovednost, kter\u00e1 n\u00e1m <strong>pom\u00e1h\u00e1 l\u00e9pe se rozhodovat a efektivn\u011bji vyhodnocovat<\/strong> informace. Je to d\u016fle\u017eit\u00e1 schopnost v na\u0161em st\u00e1le slo\u017eit\u011bj\u0161\u00edm sv\u011bt\u011b, kde jsme \u010dasto bombardov\u00e1ni protich\u016fdn\u00fdmi informacemi. Mus\u00edme si vyb\u00edrat, kter\u00fdm zdroj\u016fm v\u011b\u0159it.<\/p>\n<p><strong>Kritick\u00e9 my\u0161len\u00ed<\/strong> n\u00e1m umo\u017e\u0148uje:<\/p>\n<ul>\n<li>posoudit platnost tvrzen\u00ed,<\/li>\n<li>rozpoznat zaujatost,<\/li>\n<li>ur\u010dit mo\u017en\u00e1 <a href=\"https:\/\/orangeacademy.cz\/clanky\/test-studijnich-predpokladu\/\" target=\"_blank\" rel=\"noopener\">\u0159e\u0161en\u00ed<\/a>.<\/li>\n<\/ul>\n<p>Je tak\u00e9 nezbytn\u00e9 pro u\u010den\u00ed se nov\u00fdm koncept\u016fm, \u0159e\u0161en\u00ed probl\u00e9m\u016f a rozv\u00edjen\u00ed kreativn\u00edch n\u00e1pad\u016f. Kritick\u00e9 my\u0161len\u00ed je schopnost jasn\u011b a racion\u00e1ln\u011b uva\u017eovat o tom, co d\u011blat nebo \u010demu v\u011b\u0159it.<\/p>\n<h3>Pro\u010d je kritick\u00e9 my\u0161len\u00ed d\u016fle\u017eit\u00e9?<\/h3>\n<p>Krom\u011b jin\u00e9ho je kritick\u00e9 my\u0161len\u00ed d\u016fle\u017eit\u00e9 i proto, \u017ee n\u00e1m pom\u00e1h\u00e1 utv\u00e1\u0159et si vlastn\u00ed n\u00e1zory na t\u00e9mata, jako je <strong>politika a mor\u00e1lka<\/strong>. Bez n\u011bj m\u016f\u017eeme b\u00fdt n\u00e1chyln\u00ed k zaujat\u00fdm n\u00e1zor\u016fm nebo k <strong>manipulaci <\/strong>pomoc\u00ed chytr\u00fdch p\u0159esv\u011bd\u010dovac\u00edch technik. Rozvoj kritick\u00e9ho my\u0161len\u00ed n\u00e1m tak\u00e9 pom\u00e1h\u00e1 l\u00e9pe si <strong>uv\u011bdomovat sebe sama. <\/strong>Svoje vlastn\u00ed my\u0161lenky a pocity.<\/p>\n<p>Zlep\u0161en\u00ed dovednost\u00ed kritick\u00e9ho my\u0161len\u00ed v\u00e1m m\u016f\u017ee pomoci v mnoha oblastech \u017eivota, <strong>od lep\u0161\u00edho rozhodov\u00e1n\u00ed v pr\u00e1ci a\u017e po zlep\u0161en\u00ed vztah\u016f. <\/strong>A\u0165 u\u017e d\u011bl\u00e1te z\u00e1sadn\u00ed rozhodnut\u00ed nebo \u0159e\u0161\u00edte probl\u00e9m, kritick\u00e9 my\u0161len\u00ed v\u00e1m pom\u016f\u017ee myslet jasn\u011bji a l\u00e9pe se rozhodovat.<\/p>\n<p><img loading=\"lazy\" decoding=\"async\" class=\"alignnone size-full wp-image-7088\" src=\"https:\/\/orangeacademy.cz\/clanky\/wp-content\/uploads\/2023\/03\/kriticke_mysleni4.jpg\" alt=\"Kritick\u00e9 my\u0161len\u00ed\" width=\"1200\" height=\"800\" srcset=\"https:\/\/orangeacademy.cz\/clanky\/wp-content\/uploads\/2023\/03\/kriticke_mysleni4.jpg 1200w, https:\/\/orangeacademy.cz\/clanky\/wp-content\/uploads\/2023\/03\/kriticke_mysleni4-980x653.jpg 980w, https:\/\/orangeacademy.cz\/clanky\/wp-content\/uploads\/2023\/03\/kriticke_mysleni4-480x320.jpg 480w\" sizes=\"(min-width: 0px) and (max-width: 480px) 480px, (min-width: 481px) and (max-width: 980px) 980px, (min-width: 981px) 1200px, 100vw\" \/><\/p>\n<h2><span class=\"ez-toc-section\" id=\"Vzdelavaci_system_a_kriticke_mysleni\"><\/span>Vzd\u011bl\u00e1vac\u00ed syst\u00e9m a kritick\u00e9 my\u0161len\u00ed<span class=\"ez-toc-section-end\"><\/span><\/h2>\n<p>Bohu\u017eel mnoho student\u016f si nerozv\u00edj\u00ed sv\u00e9 schopnosti kritick\u00e9ho my\u0161len\u00ed v\u00a0pr\u016fb\u011bhu studia. To m\u016f\u017ee v\u00e9st k pozd\u011bj\u0161\u00edm probl\u00e9m\u016fm, kdy\u017e budou \u010delit obt\u00ed\u017en\u00fdm rozhodnut\u00edm nebo slo\u017eit\u00fdm ot\u00e1zk\u00e1m. \u0160koly by se m\u011bly v\u00edce zam\u011b\u0159it na v\u00fduku t\u011bchto <a href=\"https:\/\/orangeacademy.cz\/clanky\/jak-na-pohovoru-prodat-sve-dovednosti\/\" target=\"_blank\" rel=\"noopener\">dovednost\u00ed<\/a> <strong>nam\u00edsto pouh\u00e9ho p\u0159ed\u00e1v\u00e1n\u00ed znalost\u00ed a memorov\u00e1n\u00ed.<\/strong> Pomoci mohou i rodi\u010de, kte\u0159\u00ed budou sv\u00e9 d\u011bti podporovat v kritick\u00e9m my\u0161len\u00ed.<\/p>\n<span class='mb-center maxbutton-3-center'><span class='maxbutton-3-container mb-container'><a class=\"maxbutton-3 maxbutton maxbutton-rekvalifikacni-kurzy\" target=\"_blank\" title=\"Rekvalifika\u010dn\u00ed kurzy\" rel=\"noopener\" href=\"https:\/\/orangeacademy.cz\/rekvalifikacni-kurzy\/\"><span class='mb-text'>Pod\u00edvejte se na rekvalifika\u010dn\u00ed kurzy<\/span><\/a><\/span><\/span>\n<h2><span class=\"ez-toc-section\" id=\"Jake_jsou_vyhody_lidi_s_kritickym_myslenim\"><\/span>Jak\u00e9 jsou v\u00fdhody lid\u00ed s kritick\u00fdm my\u0161len\u00edm<span class=\"ez-toc-section-end\"><\/span><\/h2>\n<p>Lid\u00e9 se siln\u00fdmi schopnostmi kritick\u00e9ho my\u0161len\u00ed jsou schopni:<\/p>\n<ul>\n<li>ch\u00e1pat logick\u00e9 souvislosti mezi my\u0161lenkami,<\/li>\n<li>identifikovat, vytv\u00e1\u0159et a hodnotit argumenty,<\/li>\n<li>odhalit nesrovnalosti a chyby v\u00a0argumentaci,<\/li>\n<li>systematicky \u0159e\u0161it probl\u00e9my,<\/li>\n<li>kreativn\u011b p\u0159em\u00fd\u0161let o mo\u017en\u00fdch \u0159e\u0161en\u00edch probl\u00e9m\u016f.<\/li>\n<\/ul>\n<p>Kritick\u00e9 my\u0161len\u00ed je d\u016fle\u017eit\u00e9, proto\u017ee umo\u017e\u0148uje objektivn\u011b analyzovat informace a <strong>\u010dinit dob\u0159e informovan\u00e1 rozhodnut\u00ed. <\/strong>Umo\u017e\u0148uje tak\u00e9 vid\u011bt ob\u011b strany probl\u00e9mu a pochopit <strong>r\u016fzn\u00e9 \u00fahly pohledu.<\/strong><\/p>\n<h2><span class=\"ez-toc-section\" id=\"3_vyhody_rozvijeni_dovednosti_kritickeho_mysleni\"><\/span>3 v\u00fdhody rozv\u00edjen\u00ed dovednosti kritick\u00e9ho my\u0161len\u00ed<span class=\"ez-toc-section-end\"><\/span><\/h2>\n<ol>\n<li>lep\u0161\u00ed schopnost \u0159e\u0161it probl\u00e9my,<\/li>\n<li>lep\u0161\u00ed schopnost rozhodovat se,<\/li>\n<li>lep\u0161\u00ed schopnost vid\u011bt ob\u011b strany probl\u00e9mu.<\/li>\n<\/ol>\n<h2><span class=\"ez-toc-section\" id=\"Jak_zlepsit_kriticke_mysleni\"><\/span>Jak zlep\u0161it kritick\u00e9 my\u0161len\u00ed<span class=\"ez-toc-section-end\"><\/span><\/h2>\n<p>Kritick\u00e9 my\u0161len\u00ed je proces reflexe a anal\u00fdzy, b\u011bhem kter\u00e9ho <strong>zpochyb\u0148ujeme sv\u00e9 vlastn\u00ed p\u0159edpoklady a p\u0159esv\u011bd\u010den\u00ed<\/strong>. Je to dovednost, kterou se m\u016f\u017eeme nau\u010dit a procvi\u010dovat, a kter\u00e1 n\u00e1m m\u016f\u017ee b\u00fdt u\u017eite\u010dn\u00e1 ve <strong>v\u0161ech oblastech \u017eivota<\/strong>.<\/p>\n<p>Existuje mnoho zp\u016fsob\u016f, jak zlep\u0161it dovednosti kritick\u00e9ho my\u0161len\u00ed, zde jsou n\u011bkter\u00e9 z nich:<\/p>\n<h3>V\u011bnujte pozornost sv\u00e9 vlastn\u00ed mysli a ka\u017edodenn\u00edm n\u00e1vyk\u016fm<\/h3>\n<p>Uv\u011bdomte si, kdy nep\u0159em\u00fd\u0161l\u00edte kriticky (nap\u0159\u00edklad kdy\u017e bezmy\u0161lenkovit\u011b n\u00e1sledujete dav nebo slep\u011b p\u0159ij\u00edm\u00e1te to, co \u010dtete nebo sly\u0161\u00edte). Jakmile si tyto momenty uv\u011bdom\u00edte, m\u016f\u017eete za\u010d\u00edt zpochyb\u0148ovat sv\u00e9 vlastn\u00ed my\u0161lenky a p\u0159esv\u011bd\u010den\u00ed.<\/p>\n<h3>Cvi\u010dte se v aktivn\u00edm naslouch\u00e1n\u00ed a kladen\u00ed ot\u00e1zek<\/h3>\n<p>Kdy\u017e n\u011bkdo mluv\u00ed, sna\u017ete se <strong>skute\u010dn\u011b naslouchat a pochopit jeho n\u00e1zor<\/strong>. Pokud pot\u0159ebujete vysv\u011btlen\u00ed, pokl\u00e1dejte ot\u00e1zky a odolejte nutk\u00e1n\u00ed p\u0159eru\u0161ovat nebo nab\u00edzet vlastn\u00ed n\u00e1zor, dokud doty\u010dn\u00fd nedomluv\u00ed.<\/p>\n<h3>Vyhled\u00e1vejte r\u016fzn\u00e9 \u00fahly pohledu<\/h3>\n<p>P\u0159i zkoum\u00e1n\u00ed t\u00e9matu nebo probl\u00e9mu nezapome\u0148te <strong>vyhledat r\u016fzn\u00e9 pohledy <\/strong>lid\u00ed nebo zdroj\u016f. To v\u00e1m pom\u016f\u017ee z\u00edskat komplexn\u00ed p\u0159edstavu o dan\u00e9 problematice a tak\u00e9 zpochybnit va\u0161e vlastn\u00ed p\u0159esv\u011bd\u010den\u00ed.<\/p>\n<h3>Bu\u010fte ochotni zm\u011bnit sv\u016fj n\u00e1zor<\/h3>\n<p>Pokud po zv\u00e1\u017een\u00ed v\u0161ech d\u016fkaz\u016f zjist\u00edte, \u017ee v\u00e1\u0161 p\u016fvodn\u00ed n\u00e1zor byl nespr\u00e1vn\u00fd, bu\u010fte ochotni zm\u011bnit n\u00e1zor. M\u016f\u017ee to b\u00fdt obt\u00ed\u017en\u00e9, ale ukazuje to, \u017ee jste <strong>otev\u0159en\u00ed a ochotn\u00ed u\u010dit se nov\u00fdm v\u011bcem<\/strong>.<\/p>\n<span class='mb-center maxbutton-5-center'><span class='maxbutton-5-container mb-container'><a class=\"maxbutton-5 maxbutton maxbutton-top-rekvalifikacni-kurzy\" target=\"_blank\" title=\"Rekvalifika\u010dn\u00ed kurzy 3\" rel=\"noopener\" href=\"https:\/\/orangeacademy.cz\/rekvalifikacni-kurzy\"><span class='mb-text'>TOP rekvalifika\u010dn\u00ed kurzy<\/span><\/a><\/span><\/span>\n<p><img loading=\"lazy\" decoding=\"async\" class=\"alignnone size-full wp-image-7087\" src=\"https:\/\/orangeacademy.cz\/clanky\/wp-content\/uploads\/2023\/03\/kriticke_mysleni3.jpg\" alt=\"Kritick\u00e9 my\u0161len\u00ed\" width=\"1200\" height=\"800\" srcset=\"https:\/\/orangeacademy.cz\/clanky\/wp-content\/uploads\/2023\/03\/kriticke_mysleni3.jpg 1200w, https:\/\/orangeacademy.cz\/clanky\/wp-content\/uploads\/2023\/03\/kriticke_mysleni3-980x653.jpg 980w, https:\/\/orangeacademy.cz\/clanky\/wp-content\/uploads\/2023\/03\/kriticke_mysleni3-480x320.jpg 480w\" sizes=\"(min-width: 0px) and (max-width: 480px) 480px, (min-width: 481px) and (max-width: 980px) 980px, (min-width: 981px) 1200px, 100vw\" \/><\/p>\n<h2><span class=\"ez-toc-section\" id=\"Dusledky_nedostatku_kritickeho_mysleni\"><\/span>D\u016fsledky nedostatku kritick\u00e9ho my\u0161len\u00ed<span class=\"ez-toc-section-end\"><\/span><\/h2>\n<p>Pokud nep\u0159em\u00fd\u0161l\u00edte kriticky, <strong>nemus\u00edte si uv\u011bdomovat d\u016fsledky sv\u00fdch \u010din\u016f<\/strong>. M\u016f\u017eete se rozhodovat na z\u00e1klad\u011b ne\u00fapln\u00fdch nebo nep\u0159esn\u00fdch informac\u00ed, co\u017e m\u016f\u017ee v\u00e9st ke \u0161patn\u00fdm v\u00fdsledk\u016fm. Pokud nezv\u00e1\u017e\u00edte v\u0161echna potenci\u00e1ln\u00ed rizika a p\u0159\u00ednosy rozhodnut\u00ed, m\u016f\u017eete se dostat do hor\u0161\u00ed situace, ne\u017e kdybyste si rozhodnut\u00ed d\u016fkladn\u011bji promysleli.<\/p>\n<h3>Dal\u0161\u00ed d\u016fsledky nekritick\u00e9ho my\u0161len\u00ed:<\/h3>\n<ul>\n<li>promarn\u00edte lep\u0161\u00ed p\u0159\u00edle\u017eitost,<\/li>\n<li>uv\u011b\u0159\u00edte tomu, co v\u00e1m \u0159eknou ostatn\u00ed, ani\u017e byste o tom pochybovali,<\/li>\n<li>jste n\u00e1chyln\u011bj\u0161\u00ed k <strong>dezinformac\u00edm a manipulaci.<\/strong><\/li>\n<\/ul>\n<p>Kritick\u00e9 my\u0161len\u00ed neznamen\u00e1, \u017ee mus\u00edte v\u017edy p\u0159ich\u00e1zet s origin\u00e1ln\u00edmi n\u00e1pady nebo b\u00fdt ke v\u0161emu skepti\u010dt\u00ed. Znamen\u00e1 to v\u0161ak, \u017ee si mus\u00edte ud\u011blat \u010das, abyste zpomalili a pe\u010dliv\u011b prozkoumali <a href=\"https:\/\/orangeacademy.cz\/clanky\/dezinformace-a-dalsi-nepravdy\/\" target=\"_blank\" rel=\"noopener\">informace<\/a> a argumenty, ne\u017e se rozhodnete nebo p\u0159ijmete p\u0159esv\u011bd\u010den\u00ed. Pokud tak budete \u010dinit, je pravd\u011bpodobn\u011bj\u0161\u00ed, \u017ee budete \u010dinit spr\u00e1vn\u00e1 rozhodnut\u00ed, odhal\u00edte chyby a nepravdiv\u00e1 tvrzen\u00ed a rozpozn\u00e1te nov\u00e9 p\u0159\u00edle\u017eitosti.<\/p>\n<h2><span class=\"ez-toc-section\" id=\"Prakticke_tipy_na_zlepseni_kritickeho_mysleni\"><\/span>Praktick\u00e9 tipy na zlep\u0161en\u00ed kritick\u00e9ho my\u0161len\u00ed<span class=\"ez-toc-section-end\"><\/span><\/h2>\n<ul>\n<li>Existuje n\u011bkolik zp\u016fsob\u016f, jak zlep\u0161it dovednost kritick\u00e9ho my\u0161len\u00ed. Jedn\u00edm z nich je procvi\u010dov\u00e1n\u00ed <strong>&#8220;my\u0161len\u00ed nahlas&#8221;.<\/strong> To znamen\u00e1, \u017ee si sv\u00e9 my\u0161lenkov\u00e9 pochody \u0159eknete nahlas, a\u0165 u\u017e sami sob\u011b, nebo ostatn\u00edm. To v\u00e1m m\u016f\u017ee pomoci l\u00e9pe si uspo\u0159\u00e1dat my\u0161lenky a odhalit p\u0159\u00edpadn\u00e9 chyby ve va\u0161em uva\u017eov\u00e1n\u00ed.<\/li>\n<li>Dal\u0161\u00edm zp\u016fsobem, jak zlep\u0161it schopnosti kritick\u00e9ho my\u0161len\u00ed, je <strong>hledat nov\u00e9 a odli\u0161n\u00e9 pohledy na danou problematiku<\/strong>. Kdy\u017e si vyslechnete n\u00e1zory jin\u00fdch lid\u00ed, m\u016f\u017eete se o dan\u00e9 problematice dozv\u011bd\u011bt v\u00edce a l\u00e9pe ji pochopit. P\u0159ed rozhodnut\u00edm nezapome\u0148te zv\u00e1\u017eit v\u0161echny informace, i kdy\u017e jsou v rozporu s t\u00edm, co jste si p\u016fvodn\u011b mysleli.<\/li>\n<li>Zautomatizujte si, \u017ee si p\u0159ed jedn\u00e1n\u00edm nebo mluven\u00edm vezmete <strong>\u010das na rozmy\u0161lenou<\/strong>. V na\u0161em rychl\u00e9m sv\u011bt\u011b je snadn\u00e9 reagovat, ani\u017e bychom si v\u0161e nejd\u0159\u00edve promysleli. Pokud se v\u0161ak dok\u00e1\u017eete p\u0159ed reakc\u00ed zastavit a zv\u00e1\u017eit situaci, je pravd\u011bpodobn\u011bj\u0161\u00ed, \u017ee se rozhodnete spr\u00e1vn\u011b.<\/li>\n<\/ul>\n<h2><span class=\"ez-toc-section\" id=\"Vychova_deti_ke_kritickemu_mysleni\"><\/span>V\u00fdchova d\u011bt\u00ed ke kritick\u00e9mu my\u0161len\u00ed<span class=\"ez-toc-section-end\"><\/span><\/h2>\n<p>Je d\u016fle\u017eit\u00e9 vychov\u00e1vat d\u011bti ke schopnostem kritick\u00e9mu my\u0161len\u00ed. Je pak pravd\u011bpodobn\u011bj\u0161\u00ed, \u017ee budou schopny <strong>samostatn\u011b p\u0159em\u00fd\u0161let, \u0159e\u0161it probl\u00e9my a rozhodovat se.<\/strong><\/p>\n<p>Kritick\u00e9 my\u0161len\u00ed je schopnost jasn\u011b a racion\u00e1ln\u011b uva\u017eovat, v\u010detn\u011b schopnosti vid\u011bt v\u011bci z r\u016fzn\u00fdch \u00fahl\u016f pohledu a rozpoznat a posoudit argumenty. Je to d\u016fle\u017eit\u00e1 dovednost pro \u017eivot a je nezbytn\u00e1 pro <strong>\u00fasp\u011bch ve \u0161kole i v pr\u00e1ci.<\/strong><\/p>\n<h3>Jak m\u016f\u017eete sv\u00e9mu d\u00edt\u011bti pomoci rozv\u00edjet jeho schopnosti kritick\u00e9ho my\u0161len\u00ed?<\/h3>\n<ul>\n<li><strong>Podporujte je v kladen\u00ed ot\u00e1zek a hled\u00e1n\u00ed odpov\u011bd\u00ed:<\/strong> Podporujte sv\u00e9 d\u00edt\u011b v kladen\u00ed ot\u00e1zek o sv\u011bt\u011b kolem n\u011bj. Pomozte mu naj\u00edt odpov\u011bdi na jeho ot\u00e1zky t\u00edm, \u017ee spole\u010dn\u011b provedete n\u011bjak\u00fd v\u00fdzkum nebo nav\u0161t\u00edv\u00edte m\u00edstn\u00ed knihovnu.<\/li>\n<li><strong>Nau\u010dte je analyzovat argumenty: <\/strong>Nau\u010dte sv\u00e9 d\u00edt\u011b, jak rozpoznat hlavn\u00ed body argumentu a jak posoudit, zda je argument platn\u00fd, \u010di nikoli. M\u016f\u017eete to ud\u011blat tak, \u017ee s n\u00edm budete diskutovat o zpr\u00e1v\u00e1ch nebo aktu\u00e1ln\u00edch ud\u00e1lostech nebo se spole\u010dn\u011b kriticky pod\u00edv\u00e1te na reklamu.<\/li>\n<li><strong>Podporujte je v kreativn\u00edm my\u0161len\u00ed:<\/strong> Pom\u00e1hejte d\u011btem p\u0159ich\u00e1zet s nov\u00fdmi n\u00e1pady a \u0159e\u0161en\u00edmi probl\u00e9m\u016f. Povzbuzujte je k otev\u0159enosti a zkoum\u00e1n\u00ed r\u016fzn\u00fdch mo\u017enost\u00ed.<\/li>\n<\/ul>\n<p>To je jen n\u011bkolik n\u00e1pad\u016f &#8211; existuje mnoho dal\u0161\u00edch zp\u016fsob\u016f, jak m\u016f\u017eete d\u00edt\u011bti pomoci rozv\u00edjet jeho schopnosti kritick\u00e9ho my\u0161len\u00ed. Podporujte jej zejm\u00e9na v tom, aby sv\u00e9 schopnosti kritick\u00e9ho my\u0161len\u00ed pravideln\u011b vyu\u017e\u00edvalo, a to ve v\u0161ech oblastech sv\u00e9ho \u017eivota.<\/p>\n<p><img loading=\"lazy\" decoding=\"async\" class=\"alignnone size-full wp-image-7086\" src=\"https:\/\/orangeacademy.cz\/clanky\/wp-content\/uploads\/2023\/03\/kriticke_mysleni2.jpg\" alt=\"Kritick\u00e9 my\u0161len\u00ed\" width=\"1200\" height=\"800\" srcset=\"https:\/\/orangeacademy.cz\/clanky\/wp-content\/uploads\/2023\/03\/kriticke_mysleni2.jpg 1200w, https:\/\/orangeacademy.cz\/clanky\/wp-content\/uploads\/2023\/03\/kriticke_mysleni2-980x653.jpg 980w, https:\/\/orangeacademy.cz\/clanky\/wp-content\/uploads\/2023\/03\/kriticke_mysleni2-480x320.jpg 480w\" sizes=\"(min-width: 0px) and (max-width: 480px) 480px, (min-width: 481px) and (max-width: 980px) 980px, (min-width: 981px) 1200px, 100vw\" \/><\/p>\n<h2><span class=\"ez-toc-section\" id=\"Kriticke_mysleni_v_digitalnim_veku\"><\/span>Kritick\u00e9 my\u0161len\u00ed v digit\u00e1ln\u00edm v\u011bku<span class=\"ez-toc-section-end\"><\/span><\/h2>\n<p>V digit\u00e1ln\u00edm v\u011bku je schopnost kritick\u00e9ho my\u0161len\u00ed d\u016fle\u017eit\u011bj\u0161\u00ed ne\u017e kdy jindy. S tolika informacemi, kter\u00e9 m\u00e1me k dispozici na dosah ruky, se <strong>m\u016f\u017eeme snadno dostat do pasti a v\u011b\u0159it v\u0161emu, co si p\u0159e\u010dteme<\/strong>. Ne v\u0161echny informace jsou si v\u0161ak rovny a je d\u016fle\u017eit\u00e9 um\u011bt vyhodnotit zdroje a argumenty, abychom mohli \u010dinit informovan\u00e1 rozhodnut\u00ed.<\/p>\n<p>Kritick\u00e9 my\u0161len\u00ed nen\u00ed jen o hled\u00e1n\u00ed spr\u00e1vn\u00e9 odpov\u011bdi, ale tak\u00e9 o <strong>zpochyb\u0148ov\u00e1n\u00ed p\u0159edpoklad\u016f<\/strong>, <strong>zkoum\u00e1n\u00ed d\u016fkaz\u016f a kreativn\u00edm my\u0161len\u00ed.<\/strong> Je to dovednost, kterou lze zdokonalit prax\u00ed a kter\u00e1 v\u00e1m dob\u0159e poslou\u017e\u00ed v ka\u017ed\u00e9 oblasti va\u0161eho \u017eivota.<\/p>\n<h2><span class=\"ez-toc-section\" id=\"Fake_news_a_kriticke_mysleni\"><\/span>Fake news a kritick\u00e9 my\u0161len\u00ed<span class=\"ez-toc-section-end\"><\/span><\/h2>\n<p>V na\u0161em rychl\u00e9m sv\u011bt\u011b, kde zpr\u00e1vy koluj\u00ed 24 hodin denn\u011b 7 dn\u00ed v t\u00fddnu, je v\u00edce ne\u017e kdy jindy d\u016fle\u017eit\u00e9 um\u011bt kriticky p\u0159em\u00fd\u0161let o informac\u00edch, kter\u00e9 jsou n\u00e1m p\u0159edkl\u00e1d\u00e1ny. Bohu\u017eel <strong>&#8220;fake news&#8221;<\/strong> (fale\u0161n\u00e9 zpr\u00e1vy, dezinformace) jsou skute\u010dn\u00fdm probl\u00e9mem a m\u016f\u017ee b\u00fdt obt\u00ed\u017en\u00e9 rozli\u0161it, co je pravda a co ne.<\/p>\n<p>Proto je kritick\u00e9 my\u0161len\u00ed tak d\u016fle\u017eit\u00e9. Kdy\u017e jste schopni kriticky myslet, jste schopni objektivn\u011b vyhodnocovat informace. <strong>Rozhodovat se sami na z\u00e1klad\u011b d\u016fkaz\u016f<\/strong>, nam\u00edsto slep\u00e9ho p\u0159ij\u00edm\u00e1n\u00ed toho, co v\u00e1m n\u011bkdo \u0159ekne.<\/p>\n<h2><span class=\"ez-toc-section\" id=\"Chcete_si_zlepsit_kriticke_mysleni\"><\/span>Chcete si zlep\u0161it kritick\u00e9 my\u0161len\u00ed?<span class=\"ez-toc-section-end\"><\/span><\/h2>\n<h3>1. Bu\u010fte otev\u0159en\u00ed<\/h3>\n<p>Nedovolte, aby v\u00e1\u0161 \u00fasudek zast\u00ednily osobn\u00ed p\u0159edsudky. Ne\u017e dojdete k\u00a0z\u00e1v\u011bru, bu\u010fte ochotni zv\u00e1\u017eit v\u0161echny strany <a href=\"https:\/\/orangeacademy.cz\/clanky\/syndrom-podvodnika\/\" target=\"_blank\" rel=\"noopener\">probl\u00e9mu<\/a>.<\/p>\n<h3>2. O v\u0161em pochybujte<\/h3>\n<p>Neberte nic za bernou minci. Pokud se v\u00e1m n\u011bco zd\u00e1 p\u0159\u00edli\u0161 dobr\u00e9 (nebo p\u0159\u00edli\u0161 \u0161patn\u00e9), ne\u017e aby to byla pravda, pravd\u011bpodobn\u011b tomu tak je. Ud\u011blejte si vlastn\u00ed pr\u016fzkum a dojd\u011bte k vlastn\u00edm z\u00e1v\u011br\u016fm.<\/p>\n<h3>3. P\u0159em\u00fd\u0161lejte sami za sebe<\/h3>\n<p>Jen vy v\u00edte, \u010demu v\u011b\u0159\u00edte a \u010deho si v\u00e1\u017e\u00edte. Nedovolte, aby v\u00e1m n\u011bkdo jin\u00fd \u0159\u00edkal, co si m\u00e1te myslet &#8211; rozhodn\u011bte se sami.<\/p>\n<h2><span class=\"ez-toc-section\" id=\"Zaver\"><\/span>Z\u00e1v\u011br<span class=\"ez-toc-section-end\"><\/span><\/h2>\n<p>V\u00a0tomto \u010dl\u00e1nku jste se dozv\u011bd\u011bli, co je kritick\u00e9 my\u0161len\u00ed a pro\u010d je d\u016fle\u017eit\u00e9 zejm\u00e9na v\u00a0dne\u0161n\u00ed digit\u00e1ln\u00ed dob\u011b. Upozornili jsme na riziko fake news a dezinformac\u00ed. P\u0159inesli jsme spoustu tip\u016f, jak si m\u016f\u017eete sv\u00e9 kritick\u00e9 my\u0161len\u00ed tr\u00e9novat i vy.<\/p>\n","protected":false},"excerpt":{"rendered":"<p>Kritick\u00e9 my\u0161len\u00ed je v dne\u0161n\u00edm sv\u011bt\u011b nezbytnou dovednost\u00ed a je mo\u017en\u00e1 d\u016fle\u017eit\u011bj\u0161\u00ed ne\u017e kdykoli p\u0159edt\u00edm. Jak\u00e9 jsou v\u0161ak d\u016fsledky nedostatku dovednost\u00ed kritick\u00e9ho my\u0161len\u00ed a jak m\u016f\u017eeme na\u0161im d\u011btem pomoci tyto dovednosti rozv\u00edjet? V tomto \u010dl\u00e1nku se budeme zab\u00fdvat t\u00edm, pro\u010d je kritick\u00e9 my\u0161len\u00ed tak d\u016fle\u017eit\u00e9, a tak\u00e9 zp\u016fsoby, jak ho zlep\u0161it. Co je to kritick\u00e9 [&hellip;]<\/p>\n","protected":false},"author":16,"featured_media":7085,"comment_status":"open","ping_status":"open","sticky":false,"template":"","format":"standard","meta":{"_et_pb_use_builder":"","_et_pb_old_content":"","_et_gb_content_width":"","footnotes":""},"categories":[9],"tags":[35,8],"class_list":["post-7084","post","type-post","status-publish","format-standard","has-post-thumbnail","hentry","category-vzdelavani","tag-kariera","tag-vzdelavani"],"yoast_head":"<!-- This site is optimized with the Yoast SEO plugin v27.5 - https:\/\/yoast.com\/product\/yoast-seo-wordpress\/ -->\n<title>Kritick\u00e9 my\u0161len\u00ed: Pro\u010d je d\u016fle\u017eit\u00e9 a jak ho zlep\u0161it?<\/title>\n<meta name=\"description\" content=\".Jak\u00e9 jsou d\u016fsledky nedostatku kritick\u00e9ho my\u0161len\u00ed a jak m\u016f\u017eeme na\u0161im d\u011btem pomoci tyto dovednosti rozv\u00edjet? Pro\u010d je d\u016fle\u017eit\u00e9?\" \/>\n<meta name=\"robots\" content=\"index, follow, max-snippet:-1, max-image-preview:large, max-video-preview:-1\" \/>\n<link rel=\"canonical\" href=\"https:\/\/orangeacademy.cz\/clanky\/kriticke-mysleni\/\" \/>\n<meta property=\"og:locale\" content=\"cs_CZ\" \/>\n<meta property=\"og:type\" content=\"article\" \/>\n<meta property=\"og:title\" content=\"Kritick\u00e9 my\u0161len\u00ed: Pro\u010d je d\u016fle\u017eit\u00e9 a jak ho zlep\u0161it?\" \/>\n<meta property=\"og:description\" content=\".Jak\u00e9 jsou d\u016fsledky nedostatku kritick\u00e9ho my\u0161len\u00ed a jak m\u016f\u017eeme na\u0161im d\u011btem pomoci tyto dovednosti rozv\u00edjet? Pro\u010d je d\u016fle\u017eit\u00e9?\" \/>\n<meta property=\"og:url\" content=\"https:\/\/orangeacademy.cz\/clanky\/kriticke-mysleni\/\" \/>\n<meta property=\"og:site_name\" content=\"Blog Orange Academy\" \/>\n<meta property=\"article:publisher\" content=\"https:\/\/www.facebook.com\/OrangeAcademy.sro\" \/>\n<meta property=\"article:published_time\" content=\"2023-05-18T07:57:27+00:00\" \/>\n<meta property=\"og:image\" content=\"https:\/\/orangeacademy.cz\/clanky\/wp-content\/uploads\/2023\/03\/kriticke_mysleni1.jpg\" \/>\n\t<meta property=\"og:image:width\" content=\"1200\" \/>\n\t<meta property=\"og:image:height\" content=\"800\" \/>\n\t<meta property=\"og:image:type\" content=\"image\/jpeg\" \/>\n<meta name=\"author\" content=\"Denisa Havlov\u00e1\" \/>\n<meta name=\"twitter:card\" content=\"summary_large_image\" \/>\n<meta name=\"twitter:label1\" content=\"Napsal(a)\" \/>\n\t<meta name=\"twitter:data1\" content=\"Denisa Havlov\u00e1\" \/>\n\t<meta name=\"twitter:label2\" content=\"Odhadovan\u00e1 doba \u010dten\u00ed\" \/>\n\t<meta name=\"twitter:data2\" content=\"9 minut\" \/>\n<!-- \/ Yoast SEO plugin. -->","yoast_head_json":{"title":"Kritick\u00e9 my\u0161len\u00ed: Pro\u010d je d\u016fle\u017eit\u00e9 a jak ho zlep\u0161it?","description":".Jak\u00e9 jsou d\u016fsledky nedostatku kritick\u00e9ho my\u0161len\u00ed a jak m\u016f\u017eeme na\u0161im d\u011btem pomoci tyto dovednosti rozv\u00edjet? Pro\u010d je d\u016fle\u017eit\u00e9?","robots":{"index":"index","follow":"follow","max-snippet":"max-snippet:-1","max-image-preview":"max-image-preview:large","max-video-preview":"max-video-preview:-1"},"canonical":"https:\/\/orangeacademy.cz\/clanky\/kriticke-mysleni\/","og_locale":"cs_CZ","og_type":"article","og_title":"Kritick\u00e9 my\u0161len\u00ed: Pro\u010d je d\u016fle\u017eit\u00e9 a jak ho zlep\u0161it?","og_description":".Jak\u00e9 jsou d\u016fsledky nedostatku kritick\u00e9ho my\u0161len\u00ed a jak m\u016f\u017eeme na\u0161im d\u011btem pomoci tyto dovednosti rozv\u00edjet? Pro\u010d je d\u016fle\u017eit\u00e9?","og_url":"https:\/\/orangeacademy.cz\/clanky\/kriticke-mysleni\/","og_site_name":"Blog Orange Academy","article_publisher":"https:\/\/www.facebook.com\/OrangeAcademy.sro","article_published_time":"2023-05-18T07:57:27+00:00","og_image":[{"width":1200,"height":800,"url":"https:\/\/orangeacademy.cz\/clanky\/wp-content\/uploads\/2023\/03\/kriticke_mysleni1.jpg","type":"image\/jpeg"}],"author":"Denisa Havlov\u00e1","twitter_card":"summary_large_image","twitter_misc":{"Napsal(a)":"Denisa Havlov\u00e1","Odhadovan\u00e1 doba \u010dten\u00ed":"9 minut"},"schema":{"@context":"https:\/\/schema.org","@graph":[{"@type":"Article","@id":"https:\/\/orangeacademy.cz\/clanky\/kriticke-mysleni\/#article","isPartOf":{"@id":"https:\/\/orangeacademy.cz\/clanky\/kriticke-mysleni\/"},"author":{"name":"Denisa Havlov\u00e1","@id":"https:\/\/orangeacademy.cz\/clanky\/#\/schema\/person\/c7e77f01a14a1b3eaa010c2852075590"},"headline":"Kritick\u00e9 my\u0161len\u00ed: Pro\u010d je d\u016fle\u017eit\u00e9 a jak ho zlep\u0161it?","datePublished":"2023-05-18T07:57:27+00:00","mainEntityOfPage":{"@id":"https:\/\/orangeacademy.cz\/clanky\/kriticke-mysleni\/"},"wordCount":2014,"commentCount":0,"image":{"@id":"https:\/\/orangeacademy.cz\/clanky\/kriticke-mysleni\/#primaryimage"},"thumbnailUrl":"https:\/\/orangeacademy.cz\/clanky\/wp-content\/uploads\/2023\/03\/kriticke_mysleni1.jpg","keywords":["Kari\u00e9ra","Vzd\u011bl\u00e1v\u00e1n\u00ed"],"articleSection":["Vzd\u011bl\u00e1v\u00e1n\u00ed"],"inLanguage":"cs","potentialAction":[{"@type":"CommentAction","name":"Comment","target":["https:\/\/orangeacademy.cz\/clanky\/kriticke-mysleni\/#respond"]}]},{"@type":"WebPage","@id":"https:\/\/orangeacademy.cz\/clanky\/kriticke-mysleni\/","url":"https:\/\/orangeacademy.cz\/clanky\/kriticke-mysleni\/","name":"Kritick\u00e9 my\u0161len\u00ed: Pro\u010d je d\u016fle\u017eit\u00e9 a jak ho zlep\u0161it?","isPartOf":{"@id":"https:\/\/orangeacademy.cz\/clanky\/#website"},"primaryImageOfPage":{"@id":"https:\/\/orangeacademy.cz\/clanky\/kriticke-mysleni\/#primaryimage"},"image":{"@id":"https:\/\/orangeacademy.cz\/clanky\/kriticke-mysleni\/#primaryimage"},"thumbnailUrl":"https:\/\/orangeacademy.cz\/clanky\/wp-content\/uploads\/2023\/03\/kriticke_mysleni1.jpg","datePublished":"2023-05-18T07:57:27+00:00","author":{"@id":"https:\/\/orangeacademy.cz\/clanky\/#\/schema\/person\/c7e77f01a14a1b3eaa010c2852075590"},"description":".Jak\u00e9 jsou d\u016fsledky nedostatku kritick\u00e9ho my\u0161len\u00ed a jak m\u016f\u017eeme na\u0161im d\u011btem pomoci tyto dovednosti rozv\u00edjet? Pro\u010d je d\u016fle\u017eit\u00e9?","breadcrumb":{"@id":"https:\/\/orangeacademy.cz\/clanky\/kriticke-mysleni\/#breadcrumb"},"inLanguage":"cs","potentialAction":[{"@type":"ReadAction","target":["https:\/\/orangeacademy.cz\/clanky\/kriticke-mysleni\/"]}]},{"@type":"ImageObject","inLanguage":"cs","@id":"https:\/\/orangeacademy.cz\/clanky\/kriticke-mysleni\/#primaryimage","url":"https:\/\/orangeacademy.cz\/clanky\/wp-content\/uploads\/2023\/03\/kriticke_mysleni1.jpg","contentUrl":"https:\/\/orangeacademy.cz\/clanky\/wp-content\/uploads\/2023\/03\/kriticke_mysleni1.jpg","width":1200,"height":800,"caption":"Kritick\u00e9 my\u0161len\u00ed"},{"@type":"BreadcrumbList","@id":"https:\/\/orangeacademy.cz\/clanky\/kriticke-mysleni\/#breadcrumb","itemListElement":[{"@type":"ListItem","position":1,"name":"Home","item":"https:\/\/orangeacademy.cz\/clanky\/"},{"@type":"ListItem","position":2,"name":"Kritick\u00e9 my\u0161len\u00ed: Pro\u010d je d\u016fle\u017eit\u00e9 a jak ho zlep\u0161it?"}]},{"@type":"WebSite","@id":"https:\/\/orangeacademy.cz\/clanky\/#website","url":"https:\/\/orangeacademy.cz\/clanky\/","name":"Blog Orange Academy","description":"Kurzy, rekvalifikace, lep\u0161\u00ed pr\u00e1ce i \u017eivot","potentialAction":[{"@type":"SearchAction","target":{"@type":"EntryPoint","urlTemplate":"https:\/\/orangeacademy.cz\/clanky\/?s={search_term_string}"},"query-input":{"@type":"PropertyValueSpecification","valueRequired":true,"valueName":"search_term_string"}}],"inLanguage":"cs"},{"@type":"Person","@id":"https:\/\/orangeacademy.cz\/clanky\/#\/schema\/person\/c7e77f01a14a1b3eaa010c2852075590","name":"Denisa Havlov\u00e1","image":{"@type":"ImageObject","inLanguage":"cs","@id":"https:\/\/secure.gravatar.com\/avatar\/26be4c7ce07e6658b777dcd314536b67c9355700960a6593f161f69ed501b223?s=96&d=wavatar&r=g","url":"https:\/\/secure.gravatar.com\/avatar\/26be4c7ce07e6658b777dcd314536b67c9355700960a6593f161f69ed501b223?s=96&d=wavatar&r=g","contentUrl":"https:\/\/secure.gravatar.com\/avatar\/26be4c7ce07e6658b777dcd314536b67c9355700960a6593f161f69ed501b223?s=96&d=wavatar&r=g","caption":"Denisa Havlov\u00e1"},"url":"https:\/\/orangeacademy.cz\/clanky\/author\/havlova\/"}]}},"_links":{"self":[{"href":"https:\/\/orangeacademy.cz\/clanky\/wp-json\/wp\/v2\/posts\/7084","targetHints":{"allow":["GET"]}}],"collection":[{"href":"https:\/\/orangeacademy.cz\/clanky\/wp-json\/wp\/v2\/posts"}],"about":[{"href":"https:\/\/orangeacademy.cz\/clanky\/wp-json\/wp\/v2\/types\/post"}],"author":[{"embeddable":true,"href":"https:\/\/orangeacademy.cz\/clanky\/wp-json\/wp\/v2\/users\/16"}],"replies":[{"embeddable":true,"href":"https:\/\/orangeacademy.cz\/clanky\/wp-json\/wp\/v2\/comments?post=7084"}],"version-history":[{"count":6,"href":"https:\/\/orangeacademy.cz\/clanky\/wp-json\/wp\/v2\/posts\/7084\/revisions"}],"predecessor-version":[{"id":7332,"href":"https:\/\/orangeacademy.cz\/clanky\/wp-json\/wp\/v2\/posts\/7084\/revisions\/7332"}],"wp:featuredmedia":[{"embeddable":true,"href":"https:\/\/orangeacademy.cz\/clanky\/wp-json\/wp\/v2\/media\/7085"}],"wp:attachment":[{"href":"https:\/\/orangeacademy.cz\/clanky\/wp-json\/wp\/v2\/media?parent=7084"}],"wp:term":[{"taxonomy":"category","embeddable":true,"href":"https:\/\/orangeacademy.cz\/clanky\/wp-json\/wp\/v2\/categories?post=7084"},{"taxonomy":"post_tag","embeddable":true,"href":"https:\/\/orangeacademy.cz\/clanky\/wp-json\/wp\/v2\/tags?post=7084"}],"curies":[{"name":"wp","href":"https:\/\/api.w.org\/{rel}","templated":true}]}}