{"id":4994,"date":"2022-03-15T16:54:03","date_gmt":"2022-03-15T15:54:03","guid":{"rendered":"https:\/\/orangeacademy.cz\/clanky\/?p=4994"},"modified":"2022-03-21T17:08:18","modified_gmt":"2022-03-21T16:08:18","slug":"ctyrdenni-pracovni-tyden","status":"publish","type":"post","link":"https:\/\/orangeacademy.cz\/clanky\/ctyrdenni-pracovni-tyden\/","title":{"rendered":"\u010cty\u0159denn\u00ed pracovn\u00ed t\u00fdden \u2013 realita bl\u00edzk\u00e9 budoucnosti?"},"content":{"rendered":"<p><b>V \u010cesk\u00e9 republice se v roce 1968 zavedl p\u011btidenn\u00ed pracovn\u00ed t\u00fdden \u2013 vstoupila v platnost vyhl\u00e1\u0161ka ministerstva pr\u00e1ce, kter\u00e1 p\u011btidenn\u00ed pracovn\u00ed t\u00fdden stanovila a ukon\u010dila tak dlouh\u00e9 obdob\u00ed pracovn\u00ed soboty. Nejen pro zam\u011bstnance, ale i pro \u0161kol\u00e1ky to znamenalo den volna nav\u00edc. Odd\u011blov\u00e1n\u00ed p\u011bti pracovn\u00edch dn\u00ed od v\u00edkendov\u00e9ho odpo\u010dinku je v dne\u0161n\u00ed dob\u011b samoz\u0159ejmost\u00ed. Ve sv\u011bt\u011b se v\u0161ak testuje je\u0161t\u011b krat\u0161\u00ed \u010dty\u0159denn\u00ed pracovn\u00ed t\u00fdden. V Evrop\u011b tento trend testoval v letech 2015 \u2013 2019 Island. St\u00e1le nov\u00e9 technologie, a s t\u00edm spojen\u00e1 automatizace a digitalizace, jsou faktory, kter\u00e9 pr\u00e1ci st\u00e1le zrychluj\u00ed a mo\u017enost krat\u0161\u00edho t\u00fddne je mo\u017en\u00e1 re\u00e1lnou vidinou do budoucnosti.<\/b><\/p>\n<h2><b><i>V\u00fdsledky \u010dty\u0159denn\u00edho pracovn\u00edho t\u00fddne\u00a0<\/i><\/b><\/h2>\n<h3><b>Island<\/b><\/h3>\n<p><span style=\"font-weight: 400;\">Islandsk\u00e9ho experimentu zkr\u00e1cen\u00e9ho pracovn\u00edho t\u00fddne se mezi lety 2015 \u2013 2019 z\u00fa\u010dastnilo 2 500 osob. Pohled samotn\u00fdch zam\u011bstnanc\u016f byl jednozna\u010dn\u00fd \u2013 ni\u017e\u0161\u00ed riziko <a href=\"https:\/\/orangeacademy.cz\/clanky\/syndrom-vyhoreni\/\" target=\"_blank\" rel=\"noopener\">syndromu vyho\u0159en\u00ed<\/a> a stresu a celkov\u00e9 zlep\u0161en\u00ed zdrav\u00ed. Zam\u011bstnavatel\u00e9 uvedli, \u017ee <strong>produktivita z\u016fstala stejn\u00e1<\/strong>, ne-li lep\u0161\u00ed. V\u00fdsledek experimentu byl takov\u00fd, \u017ee v\u011bt\u0161in\u011b lid\u00ed vyhovuje 35 hodin t\u00fddn\u011b pr\u00e1ce. Tedy o 5 hodin m\u00e9n\u011b ne\u017e je b\u011b\u017en\u00e9, za zachov\u00e1n\u00ed stejn\u00e9ho platu. Na z\u00e1klad\u011b \u00fasp\u011b\u0161n\u00e9ho projektu v sou\u010dasn\u00e9 dob\u011b 86 % Islan\u010fan\u016f m\u00e1, nebo m\u016f\u017ee m\u00edt, \u010dty\u0159denn\u00ed pracovn\u00ed t\u00fdden.<\/span><\/p>\n<h3><b>\u0160pan\u011blsko<\/b><\/h3>\n<p><span style=\"font-weight: 400;\">Ve \u0160pan\u011blsku se dokonce vy\u010dlenilo ze st\u00e1tn\u00edho rozpo\u010dtu pro experiment zkr\u00e1cen\u00e9ho t\u00fddn\u011b\u00a0 50 milion\u016f eur po dobu t\u0159\u00ed let. V prvn\u00edm roce obdr\u017e\u00ed zam\u011bstnavatel 100% n\u00e1hradu n\u00e1klad\u016f za experiment, ve druh\u00e9m 50 % a ve t\u0159et\u00edm 33 %. Tamn\u00ed vl\u00e1da schv\u00e1lila v roce 2021 testov\u00e1n\u00ed pracovn\u00edho t\u00fddne od pond\u011bl\u00ed do \u010dtvrtka, nebo od \u00faterka do p\u00e1tku \u2013 32 hodin t\u00fddn\u011b. Projekt se zat\u00edm testuje na spole\u010dnostech, kter\u00e9 projev\u00ed z\u00e1jem, ale z\u00e1rove\u0148 to pro zam\u011bstnavatele nesm\u00ed p\u0159edstavovat \u017e\u00e1dn\u00e9 riziko. Ekonomov\u00e9 doufaj\u00ed v <strong>pozitivn\u00ed dopad<\/strong> zkr\u00e1cen\u00e9ho pracovn\u00ed t\u00fddne a slibuj\u00ed <a href=\"https:\/\/orangeacademy.cz\/clanky\/prokrastinace\/\" target=\"_blank\" rel=\"noopener\">vy\u0161\u0161\u00ed efektivitu<\/a> zam\u011bstnanc\u016f.<\/span><\/p>\n<h3><b>Belgie<\/b><\/h3>\n<p><span style=\"font-weight: 400;\">Jako posledn\u00ed zde zm\u00edn\u00edme Belgii, kter\u00e1 tento trend aktu\u00e1ln\u011b \u0159e\u0161\u00ed. N\u00e1vrh vl\u00e1dy je takov\u00fd, \u017ee lid\u00e9 budou pracovat \u010dty\u0159i dny v t\u00fddnu se stejn\u00fdm objemem pr\u00e1ce a stejnou mzdou. Cel\u00fd proces by m\u011bl b\u00fdt <strong>velmi flexibiln\u00ed<\/strong> \u2013 zam\u011bstnanc\u016fm by bylo umo\u017en\u011bno pracovat deset hodin denn\u011b, aby za \u010dty\u0159i dny v\u0161echno stihli. Mohou si v\u0161ak sami zvolit zda jeden t\u00fdden budou pracovat v\u00edce hodin a druh\u00fd o n\u011bco m\u00e9n\u011b, tak, aby dokonale skloubili soukrom\u00fd \u017eivot, v\u010detn\u011b <a href=\"https:\/\/orangeacademy.cz\/clanky\/rodicovska-dovolena-na-co-mate-po-navratu-do-prace-narok\/\" target=\"_blank\" rel=\"noopener\">rodi\u010dovstv\u00ed<\/a>, a pracovn\u00ed \u017eivot.<\/span><\/p>\n<p><img loading=\"lazy\" decoding=\"async\" class=\"aligncenter wp-image-5001\" src=\"https:\/\/orangeacademy.cz\/clanky\/wp-content\/uploads\/2022\/03\/AdobeStock_270565908-460x307.jpeg\" alt=\"\" width=\"569\" height=\"380\" \/><\/p>\n<blockquote><p><em><b>Zaj\u00edmavost:<\/b><span style=\"font-weight: 400;\">\u00a0<\/span><span style=\"font-weight: 400;\">Pr\u016fkopn\u00edk p\u011btidenn\u00edho pracovn\u00edho t\u00fddne byl americk\u00fd podnikatel Henry Ford, kter\u00fd zkr\u00e1til pr\u00e1ci sv\u00fdch zam\u011bstnanc\u016f na p\u011bt dn\u00ed u\u017e v roce 1926. Zjistil, \u017ee jeho lid\u00e9 stihnou podobn\u00e9 mno\u017estv\u00ed pr\u00e1ce, jen ji d\u011blaj\u00ed efektivn\u011bji \u2013\u00a0 proto\u017ee odpo\u010dinut\u00ed pracovn\u00edci pracovali rychleji a d\u011blali m\u00e9n\u011b chyb. Zkr\u00e1cen\u00fd pracovn\u00ed t\u00fdden umo\u017enil zam\u011bstnanc\u016fm v\u011bnovat v\u00edce \u010dasu nejen sob\u011b ale i sv\u00e9 rodin\u011b.<\/span><\/em><\/p><\/blockquote>\n<h2><b><i>\u010cty\u0159denn\u00ed pracovn\u00ed t\u00fdden v \u010cesku<\/i><\/b><\/h2>\n<p><span style=\"font-weight: 400;\">Vlivem st\u00e1le vyv\u00edjej\u00edc\u00ed se automatizace a robotizace se o tomto trendu mluv\u00ed i u n\u00e1s. V roce 2021 to bylo jedno z hlavn\u00edch t\u00e9mat poslankyn\u011b Jany Mal\u00e1\u010dov\u00e9. Mo\u017enost \u010dty\u0159denn\u00edho pracovn\u00edho t\u00fddne se v\u0161ak odv\u00edj\u00ed od konkr\u00e9tn\u00edho podniku a zam\u011b\u0159en\u00ed. \u010ce\u0161t\u00ed ekonomov\u00e9 jsou nav\u00edc k mo\u017enosti nov\u00e9ho pracovn\u00edho t\u00fddne <strong>zat\u00edm velmi skepti\u010dt\u00ed<\/strong>. Pr\u016fkopn\u00edkem nov\u00e9ho syst\u00e9mu byla zajist\u00e9 pandemie koronaviru. Spoustu lid\u00ed z\u016fstalo doma v re\u017eimu <a href=\"https:\/\/orangeacademy.cz\/clanky\/zamestnanci-a-home-office\/\" target=\"_blank\" rel=\"noopener\">home office<\/a> se zkr\u00e1cenou pracovn\u00ed dobou.<\/span><\/p>\n<p><span style=\"font-weight: 400;\">N\u00e1zory na \u010dty\u0159denn\u00ed pracovn\u00ed t\u00fdden se velmi li\u0161\u00ed \u2013 rozlo\u017een\u00ed pr\u00e1ce do \u010dty\u0159 dn\u00ed si um\u00ed p\u0159edstavit v\u011bt\u0161ina \u010cech\u016f, i kdy\u017e by to znamenalo intenzivn\u011bj\u0161\u00ed nasazen\u00ed, kter\u00e9 by se v\u0161ak vynahradilo t\u0159\u00eddenn\u00edm v\u00edkendem. Pro n\u011bkter\u00e9 lidi by byl zkr\u00e1cen\u00fd t\u00fdden velmi stresuj\u00edc\u00ed a v\u00edtaj\u00ed sp\u00ed\u0161 mo\u017enost si pr\u00e1ci rozlo\u017eit do p\u011bti dn\u016f, p\u0159i\u010dem\u017e jsou tyto dny klidn\u011bj\u0161\u00ed.<\/span><\/p>\n<p><span style=\"font-weight: 400;\">Uv\u00edtali byste <strong>mo\u017enost \u010dty\u0159denn\u00edho pracovn\u00edho t\u00fddne<\/strong> i u n\u00e1s? Sv\u00e9 n\u00e1zory a postoje k tomuto t\u00e9matu n\u00e1m m\u016f\u017eete sd\u011blit do koment\u00e1\u0159\u016f.<\/span><\/p>\n","protected":false},"excerpt":{"rendered":"<p>V \u010cesk\u00e9 republice se v roce 1968 zavedl p\u011btidenn\u00ed pracovn\u00ed t\u00fdden \u2013 vstoupila v platnost vyhl\u00e1\u0161ka ministerstva pr\u00e1ce, kter\u00e1 p\u011btidenn\u00ed pracovn\u00ed t\u00fdden stanovila a ukon\u010dila tak dlouh\u00e9 obdob\u00ed pracovn\u00ed soboty. Nejen pro zam\u011bstnance, ale i pro \u0161kol\u00e1ky to znamenalo den volna nav\u00edc. Odd\u011blov\u00e1n\u00ed p\u011bti pracovn\u00edch dn\u00ed od v\u00edkendov\u00e9ho odpo\u010dinku je v dne\u0161n\u00ed dob\u011b samoz\u0159ejmost\u00ed. Ve [&hellip;]<\/p>\n","protected":false},"author":14,"featured_media":4997,"comment_status":"open","ping_status":"open","sticky":false,"template":"","format":"standard","meta":{"_et_pb_use_builder":"","_et_pb_old_content":"","_et_gb_content_width":"","footnotes":""},"categories":[20],"tags":[35,46],"class_list":["post-4994","post","type-post","status-publish","format-standard","has-post-thumbnail","hentry","category-prace-a-kariera","tag-kariera","tag-prace"],"yoast_head":"<!-- This site is optimized with the Yoast SEO plugin v27.5 - https:\/\/yoast.com\/product\/yoast-seo-wordpress\/ -->\n<title>\u010cty\u0159denn\u00ed pracovn\u00ed t\u00fdden \u2013 realita bl\u00edzk\u00e9 budoucnosti?<\/title>\n<meta name=\"description\" content=\"Odd\u011blov\u00e1n\u00ed p\u011bti pracovn\u00edch dn\u00ed od v\u00edkendov\u00e9ho odpo\u010dinku je dnes samoz\u0159ejmost\u00ed. Ve sv\u011bt\u011b se testuje je\u0161t\u011b krat\u0161\u00ed \u010dty\u0159denn\u00ed pracovn\u00ed t\u00fdden.\" \/>\n<meta name=\"robots\" content=\"index, follow, max-snippet:-1, max-image-preview:large, max-video-preview:-1\" \/>\n<link rel=\"canonical\" href=\"https:\/\/orangeacademy.cz\/clanky\/ctyrdenni-pracovni-tyden\/\" \/>\n<meta property=\"og:locale\" content=\"cs_CZ\" \/>\n<meta property=\"og:type\" content=\"article\" \/>\n<meta property=\"og:title\" content=\"\u010cty\u0159denn\u00ed pracovn\u00ed t\u00fdden \u2013 realita bl\u00edzk\u00e9 budoucnosti?\" \/>\n<meta property=\"og:description\" content=\"Odd\u011blov\u00e1n\u00ed p\u011bti pracovn\u00edch dn\u00ed od v\u00edkendov\u00e9ho odpo\u010dinku je dnes samoz\u0159ejmost\u00ed. Ve sv\u011bt\u011b se testuje je\u0161t\u011b krat\u0161\u00ed \u010dty\u0159denn\u00ed pracovn\u00ed t\u00fdden.\" \/>\n<meta property=\"og:url\" content=\"https:\/\/orangeacademy.cz\/clanky\/ctyrdenni-pracovni-tyden\/\" \/>\n<meta property=\"og:site_name\" content=\"Blog Orange Academy\" \/>\n<meta property=\"article:publisher\" content=\"https:\/\/www.facebook.com\/OrangeAcademy.sro\" \/>\n<meta property=\"article:published_time\" content=\"2022-03-15T15:54:03+00:00\" \/>\n<meta property=\"article:modified_time\" content=\"2022-03-21T16:08:18+00:00\" \/>\n<meta property=\"og:image\" content=\"https:\/\/orangeacademy.cz\/clanky\/wp-content\/uploads\/2022\/03\/AdobeStock_71129863-scaled.jpeg\" \/>\n\t<meta property=\"og:image:width\" content=\"2560\" \/>\n\t<meta property=\"og:image:height\" content=\"1739\" \/>\n\t<meta property=\"og:image:type\" content=\"image\/jpeg\" \/>\n<meta name=\"author\" content=\"Tereza Mal\u00edkov\u00e1\" \/>\n<meta name=\"twitter:card\" content=\"summary_large_image\" \/>\n<meta name=\"twitter:label1\" content=\"Napsal(a)\" \/>\n\t<meta name=\"twitter:data1\" content=\"Tereza Mal\u00edkov\u00e1\" \/>\n\t<meta name=\"twitter:label2\" content=\"Odhadovan\u00e1 doba \u010dten\u00ed\" \/>\n\t<meta name=\"twitter:data2\" content=\"4 minuty\" \/>\n<!-- \/ Yoast SEO plugin. -->","yoast_head_json":{"title":"\u010cty\u0159denn\u00ed pracovn\u00ed t\u00fdden \u2013 realita bl\u00edzk\u00e9 budoucnosti?","description":"Odd\u011blov\u00e1n\u00ed p\u011bti pracovn\u00edch dn\u00ed od v\u00edkendov\u00e9ho odpo\u010dinku je dnes samoz\u0159ejmost\u00ed. Ve sv\u011bt\u011b se testuje je\u0161t\u011b krat\u0161\u00ed \u010dty\u0159denn\u00ed pracovn\u00ed t\u00fdden.","robots":{"index":"index","follow":"follow","max-snippet":"max-snippet:-1","max-image-preview":"max-image-preview:large","max-video-preview":"max-video-preview:-1"},"canonical":"https:\/\/orangeacademy.cz\/clanky\/ctyrdenni-pracovni-tyden\/","og_locale":"cs_CZ","og_type":"article","og_title":"\u010cty\u0159denn\u00ed pracovn\u00ed t\u00fdden \u2013 realita bl\u00edzk\u00e9 budoucnosti?","og_description":"Odd\u011blov\u00e1n\u00ed p\u011bti pracovn\u00edch dn\u00ed od v\u00edkendov\u00e9ho odpo\u010dinku je dnes samoz\u0159ejmost\u00ed. Ve sv\u011bt\u011b se testuje je\u0161t\u011b krat\u0161\u00ed \u010dty\u0159denn\u00ed pracovn\u00ed t\u00fdden.","og_url":"https:\/\/orangeacademy.cz\/clanky\/ctyrdenni-pracovni-tyden\/","og_site_name":"Blog Orange Academy","article_publisher":"https:\/\/www.facebook.com\/OrangeAcademy.sro","article_published_time":"2022-03-15T15:54:03+00:00","article_modified_time":"2022-03-21T16:08:18+00:00","og_image":[{"width":2560,"height":1739,"url":"https:\/\/orangeacademy.cz\/clanky\/wp-content\/uploads\/2022\/03\/AdobeStock_71129863-scaled.jpeg","type":"image\/jpeg"}],"author":"Tereza Mal\u00edkov\u00e1","twitter_card":"summary_large_image","twitter_misc":{"Napsal(a)":"Tereza Mal\u00edkov\u00e1","Odhadovan\u00e1 doba \u010dten\u00ed":"4 minuty"},"schema":{"@context":"https:\/\/schema.org","@graph":[{"@type":"Article","@id":"https:\/\/orangeacademy.cz\/clanky\/ctyrdenni-pracovni-tyden\/#article","isPartOf":{"@id":"https:\/\/orangeacademy.cz\/clanky\/ctyrdenni-pracovni-tyden\/"},"author":{"name":"Tereza Mal\u00edkov\u00e1","@id":"https:\/\/orangeacademy.cz\/clanky\/#\/schema\/person\/4ffd8469465f64a0746bdedcf094510e"},"headline":"\u010cty\u0159denn\u00ed pracovn\u00ed t\u00fdden \u2013 realita bl\u00edzk\u00e9 budoucnosti?","datePublished":"2022-03-15T15:54:03+00:00","dateModified":"2022-03-21T16:08:18+00:00","mainEntityOfPage":{"@id":"https:\/\/orangeacademy.cz\/clanky\/ctyrdenni-pracovni-tyden\/"},"wordCount":775,"commentCount":1,"image":{"@id":"https:\/\/orangeacademy.cz\/clanky\/ctyrdenni-pracovni-tyden\/#primaryimage"},"thumbnailUrl":"https:\/\/orangeacademy.cz\/clanky\/wp-content\/uploads\/2022\/03\/AdobeStock_71129863-scaled.jpeg","keywords":["Kari\u00e9ra","Pr\u00e1ce"],"articleSection":["Pr\u00e1ce a kari\u00e9ra"],"inLanguage":"cs","potentialAction":[{"@type":"CommentAction","name":"Comment","target":["https:\/\/orangeacademy.cz\/clanky\/ctyrdenni-pracovni-tyden\/#respond"]}]},{"@type":"WebPage","@id":"https:\/\/orangeacademy.cz\/clanky\/ctyrdenni-pracovni-tyden\/","url":"https:\/\/orangeacademy.cz\/clanky\/ctyrdenni-pracovni-tyden\/","name":"\u010cty\u0159denn\u00ed pracovn\u00ed t\u00fdden \u2013 realita bl\u00edzk\u00e9 budoucnosti?","isPartOf":{"@id":"https:\/\/orangeacademy.cz\/clanky\/#website"},"primaryImageOfPage":{"@id":"https:\/\/orangeacademy.cz\/clanky\/ctyrdenni-pracovni-tyden\/#primaryimage"},"image":{"@id":"https:\/\/orangeacademy.cz\/clanky\/ctyrdenni-pracovni-tyden\/#primaryimage"},"thumbnailUrl":"https:\/\/orangeacademy.cz\/clanky\/wp-content\/uploads\/2022\/03\/AdobeStock_71129863-scaled.jpeg","datePublished":"2022-03-15T15:54:03+00:00","dateModified":"2022-03-21T16:08:18+00:00","author":{"@id":"https:\/\/orangeacademy.cz\/clanky\/#\/schema\/person\/4ffd8469465f64a0746bdedcf094510e"},"description":"Odd\u011blov\u00e1n\u00ed p\u011bti pracovn\u00edch dn\u00ed od v\u00edkendov\u00e9ho odpo\u010dinku je dnes samoz\u0159ejmost\u00ed. Ve sv\u011bt\u011b se testuje je\u0161t\u011b krat\u0161\u00ed \u010dty\u0159denn\u00ed pracovn\u00ed t\u00fdden.","breadcrumb":{"@id":"https:\/\/orangeacademy.cz\/clanky\/ctyrdenni-pracovni-tyden\/#breadcrumb"},"inLanguage":"cs","potentialAction":[{"@type":"ReadAction","target":["https:\/\/orangeacademy.cz\/clanky\/ctyrdenni-pracovni-tyden\/"]}]},{"@type":"ImageObject","inLanguage":"cs","@id":"https:\/\/orangeacademy.cz\/clanky\/ctyrdenni-pracovni-tyden\/#primaryimage","url":"https:\/\/orangeacademy.cz\/clanky\/wp-content\/uploads\/2022\/03\/AdobeStock_71129863-scaled.jpeg","contentUrl":"https:\/\/orangeacademy.cz\/clanky\/wp-content\/uploads\/2022\/03\/AdobeStock_71129863-scaled.jpeg","width":2560,"height":1739,"caption":"\u010dty\u0159denn\u00ed pracovn\u00ed t\u00fdden"},{"@type":"BreadcrumbList","@id":"https:\/\/orangeacademy.cz\/clanky\/ctyrdenni-pracovni-tyden\/#breadcrumb","itemListElement":[{"@type":"ListItem","position":1,"name":"Home","item":"https:\/\/orangeacademy.cz\/clanky\/"},{"@type":"ListItem","position":2,"name":"\u010cty\u0159denn\u00ed pracovn\u00ed t\u00fdden \u2013 realita bl\u00edzk\u00e9 budoucnosti?"}]},{"@type":"WebSite","@id":"https:\/\/orangeacademy.cz\/clanky\/#website","url":"https:\/\/orangeacademy.cz\/clanky\/","name":"Blog Orange Academy","description":"Kurzy, rekvalifikace, lep\u0161\u00ed pr\u00e1ce i \u017eivot","potentialAction":[{"@type":"SearchAction","target":{"@type":"EntryPoint","urlTemplate":"https:\/\/orangeacademy.cz\/clanky\/?s={search_term_string}"},"query-input":{"@type":"PropertyValueSpecification","valueRequired":true,"valueName":"search_term_string"}}],"inLanguage":"cs"},{"@type":"Person","@id":"https:\/\/orangeacademy.cz\/clanky\/#\/schema\/person\/4ffd8469465f64a0746bdedcf094510e","name":"Tereza Mal\u00edkov\u00e1","image":{"@type":"ImageObject","inLanguage":"cs","@id":"https:\/\/secure.gravatar.com\/avatar\/0428bf3da72e3ab3df79c9f2997f275a3d67911de1bb6f0e1f4b4ab2f1fa68b9?s=96&d=wavatar&r=g","url":"https:\/\/secure.gravatar.com\/avatar\/0428bf3da72e3ab3df79c9f2997f275a3d67911de1bb6f0e1f4b4ab2f1fa68b9?s=96&d=wavatar&r=g","contentUrl":"https:\/\/secure.gravatar.com\/avatar\/0428bf3da72e3ab3df79c9f2997f275a3d67911de1bb6f0e1f4b4ab2f1fa68b9?s=96&d=wavatar&r=g","caption":"Tereza Mal\u00edkov\u00e1"},"url":"https:\/\/orangeacademy.cz\/clanky\/author\/drbohlavova\/"}]}},"_links":{"self":[{"href":"https:\/\/orangeacademy.cz\/clanky\/wp-json\/wp\/v2\/posts\/4994","targetHints":{"allow":["GET"]}}],"collection":[{"href":"https:\/\/orangeacademy.cz\/clanky\/wp-json\/wp\/v2\/posts"}],"about":[{"href":"https:\/\/orangeacademy.cz\/clanky\/wp-json\/wp\/v2\/types\/post"}],"author":[{"embeddable":true,"href":"https:\/\/orangeacademy.cz\/clanky\/wp-json\/wp\/v2\/users\/14"}],"replies":[{"embeddable":true,"href":"https:\/\/orangeacademy.cz\/clanky\/wp-json\/wp\/v2\/comments?post=4994"}],"version-history":[{"count":5,"href":"https:\/\/orangeacademy.cz\/clanky\/wp-json\/wp\/v2\/posts\/4994\/revisions"}],"predecessor-version":[{"id":5022,"href":"https:\/\/orangeacademy.cz\/clanky\/wp-json\/wp\/v2\/posts\/4994\/revisions\/5022"}],"wp:featuredmedia":[{"embeddable":true,"href":"https:\/\/orangeacademy.cz\/clanky\/wp-json\/wp\/v2\/media\/4997"}],"wp:attachment":[{"href":"https:\/\/orangeacademy.cz\/clanky\/wp-json\/wp\/v2\/media?parent=4994"}],"wp:term":[{"taxonomy":"category","embeddable":true,"href":"https:\/\/orangeacademy.cz\/clanky\/wp-json\/wp\/v2\/categories?post=4994"},{"taxonomy":"post_tag","embeddable":true,"href":"https:\/\/orangeacademy.cz\/clanky\/wp-json\/wp\/v2\/tags?post=4994"}],"curies":[{"name":"wp","href":"https:\/\/api.w.org\/{rel}","templated":true}]}}