{"id":4342,"date":"2021-08-31T11:47:37","date_gmt":"2021-08-31T09:47:37","guid":{"rendered":"https:\/\/orangeacademy.cz\/clanky\/?p=4342"},"modified":"2024-03-22T14:48:41","modified_gmt":"2024-03-22T13:48:41","slug":"flexibilni-pracovni-doba","status":"publish","type":"post","link":"https:\/\/orangeacademy.cz\/clanky\/flexibilni-pracovni-doba\/","title":{"rendered":"Flexibiln\u00ed pracovn\u00ed doba: co to je a jak\u00e9 jsou jej\u00ed v\u00fdhody?"},"content":{"rendered":"<p><strong>Setkali jste se ji\u017e s pojmem flexibiln\u00ed pracovn\u00ed doba? N\u011bkdy se tak\u00e9 naz\u00fdv\u00e1 jako pru\u017en\u00e1 \u010di voliteln\u00e1 pracovn\u00ed doba nebo klouzavka. Jedn\u00e1 se o hit mezi zam\u011bstnaneck\u00fdmi benefity, kter\u00fd velmi dob\u0159e funguje v zahrani\u010dn\u00edch st\u00e1tech a k n\u00e1m se teprve sm\u011ble dost\u00e1v\u00e1 v mal\u00e9m m\u011b\u0159\u00edtku. P\u0159edstav\u00edme v\u00e1m princip flexibiln\u00ed pracovn\u00ed doby a jej\u00ed pro i proti.<\/strong><\/p>\n<div id=\"ez-toc-container\" class=\"ez-toc-v2_0_82_2 counter-hierarchy ez-toc-counter ez-toc-custom ez-toc-container-direction\">\n<p class=\"ez-toc-title\" style=\"cursor:inherit\">Obsah<\/p>\n<label for=\"ez-toc-cssicon-toggle-item-69f4c837ec764\" class=\"ez-toc-cssicon-toggle-label\"><span class=\"\"><span class=\"eztoc-hide\" style=\"display:none;\">Toggle<\/span><span class=\"ez-toc-icon-toggle-span\"><svg style=\"fill: #666666;color:#666666\" xmlns=\"http:\/\/www.w3.org\/2000\/svg\" class=\"list-377408\" width=\"20px\" height=\"20px\" viewBox=\"0 0 24 24\" fill=\"none\"><path d=\"M6 6H4v2h2V6zm14 0H8v2h12V6zM4 11h2v2H4v-2zm16 0H8v2h12v-2zM4 16h2v2H4v-2zm16 0H8v2h12v-2z\" fill=\"currentColor\"><\/path><\/svg><svg style=\"fill: #666666;color:#666666\" class=\"arrow-unsorted-368013\" xmlns=\"http:\/\/www.w3.org\/2000\/svg\" width=\"10px\" height=\"10px\" viewBox=\"0 0 24 24\" version=\"1.2\" baseProfile=\"tiny\"><path d=\"M18.2 9.3l-6.2-6.3-6.2 6.3c-.2.2-.3.4-.3.7s.1.5.3.7c.2.2.4.3.7.3h11c.3 0 .5-.1.7-.3.2-.2.3-.5.3-.7s-.1-.5-.3-.7zM5.8 14.7l6.2 6.3 6.2-6.3c.2-.2.3-.5.3-.7s-.1-.5-.3-.7c-.2-.2-.4-.3-.7-.3h-11c-.3 0-.5.1-.7.3-.2.2-.3.5-.3.7s.1.5.3.7z\"\/><\/svg><\/span><\/span><\/label><input type=\"checkbox\"  id=\"ez-toc-cssicon-toggle-item-69f4c837ec764\"  aria-label=\"Toggle\" \/><nav><ul class='ez-toc-list ez-toc-list-level-1 ' ><li class='ez-toc-page-1 ez-toc-heading-level-2'><a class=\"ez-toc-link ez-toc-heading-1\" href=\"https:\/\/orangeacademy.cz\/clanky\/flexibilni-pracovni-doba\/#Jak_funguje_flexibilni_pracovni_doba\" >Jak funguje flexibiln\u00ed pracovn\u00ed doba?<\/a><\/li><li class='ez-toc-page-1 ez-toc-heading-level-2'><a class=\"ez-toc-link ez-toc-heading-2\" href=\"https:\/\/orangeacademy.cz\/clanky\/flexibilni-pracovni-doba\/#Vyhody_pruzne_pracovni_doby\" >V\u00fdhody pru\u017en\u00e9 pracovn\u00ed doby<\/a><ul class='ez-toc-list-level-3' ><li class='ez-toc-heading-level-3'><a class=\"ez-toc-link ez-toc-heading-3\" href=\"https:\/\/orangeacademy.cz\/clanky\/flexibilni-pracovni-doba\/#Presto_vsak_flexibilni_pracovni_doba_neni_pro_kazdeho\" >P\u0159esto v\u0161ak flexibiln\u00ed pracovn\u00ed doba nen\u00ed pro ka\u017ed\u00e9ho<\/a><\/li><\/ul><\/li><li class='ez-toc-page-1 ez-toc-heading-level-2'><a class=\"ez-toc-link ez-toc-heading-4\" href=\"https:\/\/orangeacademy.cz\/clanky\/flexibilni-pracovni-doba\/#Domluvte_se_svym_zamestnavatelem\" >Domluvte se sv\u00fdm zam\u011bstnavatelem<\/a><\/li><\/ul><\/nav><\/div>\n<h2><span class=\"ez-toc-section\" id=\"Jak_funguje_flexibilni_pracovni_doba\"><\/span>Jak funguje flexibiln\u00ed pracovn\u00ed doba?<span class=\"ez-toc-section-end\"><\/span><\/h2>\n<p>Princip flexibiln\u00ed pracovn\u00ed doby funguje na z\u00e1klad\u011b volby samotn\u00e9ho zam\u011bstnance. Ten si s\u00e1m ur\u010duje, <strong>kdy bude b\u011bhem dne pracovat<\/strong>. Pru\u017en\u00e1 pracovn\u00ed doba m\u016f\u017ee m\u00edt <strong>mnoho podob<\/strong>, proto si d\u016fkladn\u011b p\u0159e\u010dt\u011bte konkr\u00e9tn\u00ed podm\u00ednky <a href=\"https:\/\/orangeacademy.cz\/clanky\/pracovni-smlouva-vzor-ke-stazeni\/\" target=\"_blank\" rel=\"noopener\">v pracovn\u00ed smlouv\u011b<\/a>. Nej\u010dast\u011bji se v\u0161ak jedn\u00e1 o tyto p\u0159\u00edklady:<\/p>\n<ol>\n<li>Zam\u011bstnavatel <strong>ur\u010d\u00ed \u010dasov\u00e9 rozp\u011bt\u00ed<\/strong> n\u00e1stupu do pr\u00e1ce a odchodu z pr\u00e1ce. Nap\u0159\u00edklad zam\u011bstnanci mus\u00ed p\u0159ij\u00edt mezi 7. a\u017e 11. hodinou rann\u00ed a odch\u00e1zet dle toho po 8 hodin\u00e1ch pr\u00e1ce mezi 15. a\u017e 19. hodinou odpoledne. Zam\u011bstnanec v\u0161ak m\u016f\u017ee p\u0159ij\u00edt kdykoliv b\u011bhem tohoto rozp\u011bt\u00ed tak, jak to vyhovuje pr\u00e1v\u011b jemu.<\/li>\n<li>Zam\u011bstnanec pracuje, kdy chce, <strong>sta\u010d\u00ed dodr\u017eet deadline<\/strong>. U n\u011bkter\u00fdch pracovn\u00edch \u00fakol\u016f nez\u00e1le\u017e\u00ed na tom, kdy jsou vykon\u00e1ny. Pracovn\u00edk tedy vykon\u00e1 \u010dinnost kdykoliv se to hod\u00ed jemu. Zpravidla se jedn\u00e1 o<a href=\"https:\/\/orangeacademy.cz\/clanky\/freelancer\/\" target=\"_blank\" rel=\"noopener\"> freelancery<\/a>, kte\u0159\u00ed kompletn\u011b pracuj\u00ed z domu. R\u016fzn\u00e9 projekty a \u00fakoly maj\u00ed pouze sv\u016fj deadline, kdy je pot\u0159eba je odevzdat.<\/li>\n<li><strong>Syst\u00e9m odpracovan\u00fdch hodin<\/strong> ro\u010dn\u011b znamen\u00e1, \u017ee se se zam\u011bstnavatelem dohodnete na po\u010dtu hodin odpracovan\u00fdch za rok. \u010casovou dotaci v t\u00fddnu nebo samotn\u00fd denn\u00ed rozvrh z\u016fst\u00e1v\u00e1 na v\u00e1s.<\/li>\n<li><strong>Zhu\u0161t\u011bn\u00e1 pracovn\u00ed doba<\/strong> zase p\u0159edstavuje pracovn\u00ed rozvrh, kdy n\u011bkolik dn\u00ed v t\u00fddnu pracujete v\u00edce hodin a zbytek dn\u00ed m\u00e1te bu\u010f \u00fapln\u00e9 volno, nebo jenom minimum pr\u00e1ce. V\u00e1\u0161 t\u00fdden m\u016f\u017ee m\u00edt t\u0159eba 4 pracovn\u00ed dny a 3 dny volna.<\/li>\n<\/ol>\n<p>V\u0161echny tyto syst\u00e9my by se daly ozna\u010dit jako flexibiln\u00ed pracovn\u00ed doba, jeliko\u017e se vymykaj\u00ed standardn\u00edm sm\u011bn\u00e1m. Je v nich ur\u010dit\u00e1 flexibilita, a to jak \u010dasov\u00e1, tak z hlediska pracovn\u00edho prost\u0159ed\u00ed. Speci\u00e1ln\u00ed kategori\u00ed je tak\u00e9 klasick\u00fd <a href=\"https:\/\/orangeacademy.cz\/clanky\/zamestnanci-a-home-office\/\" target=\"_blank\" rel=\"noopener\">home office<\/a>.<\/p>\n<div id=\"attachment_4344\" style=\"width: 470px\" class=\"wp-caption aligncenter\"><img loading=\"lazy\" decoding=\"async\" aria-describedby=\"caption-attachment-4344\" class=\"size-medium wp-image-4344\" src=\"https:\/\/orangeacademy.cz\/clanky\/wp-content\/uploads\/2021\/08\/produktivita-460x278.jpg\" alt=\"Flexibiln\u00ed pracovn\u00ed doba definice\" width=\"460\" height=\"278\" \/><p id=\"caption-attachment-4344\" class=\"wp-caption-text\">Na n\u00e1\u0161 pracovn\u00ed v\u00fdkon m\u00e1 velk\u00fd vliv prost\u0159ed\u00ed a \u010dasov\u00e1 svoboda.<\/p><\/div>\n<h2><span class=\"ez-toc-section\" id=\"Vyhody_pruzne_pracovni_doby\"><\/span>V\u00fdhody pru\u017en\u00e9 pracovn\u00ed doby<span class=\"ez-toc-section-end\"><\/span><\/h2>\n<p>Tento zam\u011bstnaneck\u00fd benefit pat\u0159\u00ed mezi nejobl\u00edben\u011bj\u0161\u00ed ze v\u0161ech, ale st\u00e1le jej nenab\u00edz\u00ed zdaleka ani polovina zam\u011bstnavatel\u016f. Jak\u00e9 v\u00fdhody v\u00e1m jako pracovn\u00edkovi p\u0159inese?<\/p>\n<ul>\n<li><strong>Worklife balanc<\/strong> \u2013 t\u00edm, \u017ee si sami ur\u010d\u00edte svou pracovn\u00ed dobu, v\u00fdrazn\u011b podpo\u0159\u00edte balanc mezi prac\u00ed a osobn\u00edm \u017eivotem. Snadno se domluv\u00edte se svou rodinou na rozvrhu, m\u016f\u017eete se v\u011bnovat kon\u00ed\u010dk\u016fm a odpo\u010dinku a p\u0159izp\u016fsobit prakticky ka\u017ed\u00fd den sv\u00fdm pot\u0159eb\u00e1m. Pr\u00e1ce pro v\u00e1s neznamen\u00e1 p\u0159ek\u00e1\u017eku, co\u017e upevn\u00ed i v\u00e1\u0161 vztah k n\u00ed.<\/li>\n<li><strong>Spokojen\u011bj\u0161\u00ed zam\u011bstnanec<\/strong> \u2013 v\u00fd\u0161e uveden\u00fd bod z v\u00e1s ud\u011bl\u00e1 spokojen\u011bj\u0161\u00edho \u010dlov\u011bka a pracovn\u00edka. A takov\u00fd zam\u011bstnanec je v\u00fdhodn\u011bj\u0161\u00ed i pro samotn\u00e9ho zam\u011bstnavatele, proto\u017ee nem\u00e1 d\u016fvod m\u011bnit pr\u00e1ci, je \u0161\u0165astn\u011bj\u0161\u00ed a l\u00e9pe se vyhne <a href=\"https:\/\/orangeacademy.cz\/clanky\/syndrom-vyhoreni\/\" target=\"_blank\" rel=\"noopener\">syndromu vyho\u0159en\u00ed<\/a>, kter\u00fd tr\u00e1p\u00ed obrovskou \u010d\u00e1st populace.<\/li>\n<li><strong>M\u00e9n\u011b stresu<\/strong> \u2013 mo\u017en\u00e1 by v\u00e1s to ani nenapadlo, ale takov\u00fd &#8220;detail&#8221;, jako je pru\u017en\u00e1 pracovn\u00ed doba, m\u016f\u017ee zm\u00edrnit m\u00edru stresu ve va\u0161em \u017eivot\u011b. Ji\u017e v\u00e1s nemus\u00ed tr\u00e1pit ka\u017ed\u00e1 minuta zpo\u017ed\u011bn\u00ed p\u0159i p\u0159\u00edjezdu do pr\u00e1ce, po\u0161\u0165\u00e1k, kter\u00fd v\u00e1m m\u00e1 don\u00e9st bal\u00ed\u010dek a st\u00e1le nedorazil ani n\u00e1hl\u00e1 nemoc d\u00edt\u011bte a n\u00e1v\u0161t\u011bva doktora.<\/li>\n<li><strong>Vy\u0161\u0161\u00ed v\u00fdkon a efektivita<\/strong> \u2013 tak\u00e9 v\u00e1\u0161 pracovn\u00ed v\u00fdkon v\u00fdrazn\u011b stoupne, pokud v\u00edte, \u017ee po dopracov\u00e1n\u00ed ur\u010dit\u00e9ho \u00fakolu m\u016f\u017eete odej\u00edt dom\u016f a u\u017e\u00edvat si voln\u00fd \u010das, ne\u017e kdy\u017e nez\u00e1le\u017e\u00ed na tom, kdy \u010dinnost dokon\u010d\u00edte a stejn\u011b m\u016f\u017eete odej\u00edt <em>a\u017e padne<\/em>.<\/li>\n<\/ul>\n<h3><span class=\"ez-toc-section\" id=\"Presto_vsak_flexibilni_pracovni_doba_neni_pro_kazdeho\"><\/span>P\u0159esto v\u0161ak flexibiln\u00ed pracovn\u00ed doba nen\u00ed pro ka\u017ed\u00e9ho<span class=\"ez-toc-section-end\"><\/span><\/h3>\n<p>To v\u0161echno zn\u00ed hezky, \u017ee? Flexibiln\u00ed pracovn\u00ed doba <strong>respektuje pot\u0159eby jedinc\u016f<\/strong> a zaj\u00edm\u00e1 se individu\u00e1ln\u011b o pracovn\u00edky. Ka\u017ed\u00e9mu z n\u00e1s toti\u017e vyhovuje pracovat v jinou denn\u00ed dobu a v\u00fdkon b\u011bhem dne p\u0159irozen\u011b kles\u00e1 a stoup\u00e1, co\u017e lze v r\u00e1mci tohoto principu snadno vyu\u017e\u00edt.<\/p>\n<p>Stejn\u011b tak v\u0161ak existuj\u00ed jedinci, kter\u00fdm flexibiln\u00ed \u00favazek nevyhovuje. Je toti\u017e spojen s <strong>velkou zodpov\u011bdnost\u00ed a pevnou v\u016fli<\/strong> zam\u011bstnance.<\/p>\n<p>N\u011bkte\u0159\u00ed by mohli m\u00edt tendenci sklouznout <a href=\"https:\/\/orangeacademy.cz\/clanky\/prokrastinace\/\" target=\"_blank\" rel=\"noopener\">k prokrastinaci<\/a> a neust\u00e1l\u00e9mu odsouv\u00e1n\u00ed pr\u00e1ce do takov\u00e9 m\u00edry, \u017ee by se dostali do skluzu a zam\u011bstnavatel by s jejich v\u00fdkonem nebyl celkov\u011b spokojen. Pevn\u00fd pracovn\u00ed rozvrh jednodu\u0161e n\u011bkter\u00fdm zam\u011bstnanc\u016fm skute\u010dn\u011b vyhovuje a pru\u017enou pracovn\u00ed dobu by nevyu\u017eili (nebo pouze z\u0159\u00eddkakdy).<\/p>\n<div id=\"attachment_4345\" style=\"width: 470px\" class=\"wp-caption aligncenter\"><img loading=\"lazy\" decoding=\"async\" aria-describedby=\"caption-attachment-4345\" class=\"size-medium wp-image-4345\" src=\"https:\/\/orangeacademy.cz\/clanky\/wp-content\/uploads\/2021\/08\/moritz-kindler-mGFHA_0TWnA-unsplash-460x307.jpg\" alt=\"casova flexibilita\" width=\"460\" height=\"307\" \/><p id=\"caption-attachment-4345\" class=\"wp-caption-text\">Chcete si vyjednat \u010dasovou flexibilitu?<\/p><\/div>\n<h2><span class=\"ez-toc-section\" id=\"Domluvte_se_svym_zamestnavatelem\"><\/span>Domluvte se sv\u00fdm zam\u011bstnavatelem<span class=\"ez-toc-section-end\"><\/span><\/h2>\n<p>Pr\u016fzkumy v\u0161ak ukazuj\u00ed, \u017ee p\u0159edev\u0161\u00edm pro mlad\u00e9 pracovn\u00edky je flexibilita kl\u00ed\u010dov\u00fdm faktorem p\u0159i v\u00fdb\u011bru pracovn\u00edho m\u00edsta. Firmy a zam\u011bstnavatel\u00e9 na tento trend reaguj\u00ed (ka\u017ed\u00fd sv\u00fdm tempem) a uv\u011bdomuj\u00ed si d\u016fle\u017eitost podpory a respektov\u00e1n\u00ed po\u017eadavk\u016f pracovn\u00edk\u016f. Postupn\u011b tedy upou\u0161t\u011bj\u00ed od striktn\u00ed pracovn\u00ed doby a nab\u00edzej\u00ed r\u016fzn\u00e9 formy flexibiln\u00edch \u00favazk\u016f, pr\u00e1ce z domu a podobn\u011b.<\/p>\n<p>Jestli\u017ee i vy chcete za\u010d\u00edt pracovat v r\u00e1mci pru\u017en\u00e9ho pracovn\u00edho rozvrhu, nebojte se na tuto mo\u017enost sv\u00e9ho zam\u011bstnavatele zeptat, i kdy\u017e ji p\u0159\u00edmo nenab\u00edz\u00ed. Za slu\u0161n\u00fd dotaz je\u0161t\u011b nikomu hlava neupadla a \u010dasto se vlastn\u011b nejedn\u00e1 o \u017e\u00e1dn\u00fd probl\u00e9m.<\/p>\n<p><strong>Tip:<\/strong> <em>V\u017edy si v\u0161ak pohl\u00eddejte pr\u00e1vn\u00ed zm\u011bny, kter\u00e9 se zm\u011bnou \u00favazku souvis\u00ed a nechte si flexibilitu zahrnout i do pracovn\u00ed smlouvy.<\/em><\/p>\n<p>Pokud v\u00e1m v\u00e1\u0161 zam\u011bstnavatel tuto mo\u017enost odep\u0159e, ale vy p\u0159esto tou\u017e\u00edte po v\u011bt\u0161\u00ed svobod\u011b, \u0159e\u0161en\u00edm se m\u016f\u017ee st\u00e1t <strong>zm\u011bna pr\u00e1ce<\/strong>. Existuje mnoho zam\u011bstnavatel\u016f, kte\u0159\u00ed up\u0159ednostn\u00ed va\u0161e schopnosti p\u0159ed striktn\u00edm dodr\u017eov\u00e1n\u00ed zastaral\u00fdch pravidel. Va\u0161i hodnotu na pracovn\u00edm trhu tak\u00e9 zv\u00fd\u0161\u00ed<strong> rekvalifika\u010dn\u00ed kurzy<\/strong>, kter\u00e9 roz\u0161\u00ed\u0159\u00ed va\u0161i kvalifikaci. S rozvojem va\u0161\u00ed kari\u00e9ry m\u016f\u017eete za\u010d\u00edt je\u0161t\u011b dnes.<\/p>\n<p><a href=\"https:\/\/orangeacademy.cz\/clanky\/nejoblibenejsi-rekvalifikacni-kurzy\/\"><img loading=\"lazy\" decoding=\"async\" class=\"wp-image-4107 aligncenter\" src=\"https:\/\/orangeacademy.cz\/clanky\/wp-content\/uploads\/2021\/06\/1-930x148.png\" alt=\"\" width=\"650\" height=\"103\" \/><\/a><\/p>\n","protected":false},"excerpt":{"rendered":"<p>Setkali jste se ji\u017e s pojmem flexibiln\u00ed pracovn\u00ed doba? N\u011bkdy se tak\u00e9 naz\u00fdv\u00e1 jako pru\u017en\u00e1 \u010di voliteln\u00e1 pracovn\u00ed doba nebo klouzavka. Jedn\u00e1 se o hit mezi zam\u011bstnaneck\u00fdmi benefity, kter\u00fd velmi dob\u0159e funguje v zahrani\u010dn\u00edch st\u00e1tech a k n\u00e1m se teprve sm\u011ble dost\u00e1v\u00e1 v mal\u00e9m m\u011b\u0159\u00edtku. P\u0159edstav\u00edme v\u00e1m princip flexibiln\u00ed pracovn\u00ed doby a jej\u00ed pro i [&hellip;]<\/p>\n","protected":false},"author":11,"featured_media":9169,"comment_status":"open","ping_status":"open","sticky":false,"template":"","format":"standard","meta":{"_et_pb_use_builder":"","_et_pb_old_content":"","_et_gb_content_width":"","footnotes":""},"categories":[1,20],"tags":[30,35,46,147],"class_list":["post-4342","post","type-post","status-publish","format-standard","has-post-thumbnail","hentry","category-nezarazeno","category-prace-a-kariera","tag-jak-si-usnadnit-praci","tag-kariera","tag-prace","tag-tipy"],"yoast_head":"<!-- This site is optimized with the Yoast SEO plugin v27.5 - https:\/\/yoast.com\/product\/yoast-seo-wordpress\/ -->\n<title>Flexibiln\u00ed pracovn\u00ed doba: co to je a jak\u00e9 jsou jej\u00ed v\u00fdhody?<\/title>\n<meta name=\"description\" content=\"Co je to flexibiln\u00ed pracovn\u00ed doba a jak p\u0159esn\u011b vypad\u00e1? Jak\u00e9 v\u00fdhody p\u0159inese zam\u011bstnavateli i zam\u011bstnanci a pro\u010d se vyplat\u00ed?\" \/>\n<meta name=\"robots\" content=\"index, follow, max-snippet:-1, max-image-preview:large, max-video-preview:-1\" \/>\n<link rel=\"canonical\" href=\"https:\/\/orangeacademy.cz\/clanky\/flexibilni-pracovni-doba\/\" \/>\n<meta property=\"og:locale\" content=\"cs_CZ\" \/>\n<meta property=\"og:type\" content=\"article\" \/>\n<meta property=\"og:title\" content=\"Flexibiln\u00ed pracovn\u00ed doba: co to je a jak\u00e9 jsou jej\u00ed v\u00fdhody?\" \/>\n<meta property=\"og:description\" content=\"Co je to flexibiln\u00ed pracovn\u00ed doba a jak p\u0159esn\u011b vypad\u00e1? Jak\u00e9 v\u00fdhody p\u0159inese zam\u011bstnavateli i zam\u011bstnanci a pro\u010d se vyplat\u00ed?\" \/>\n<meta property=\"og:url\" content=\"https:\/\/orangeacademy.cz\/clanky\/flexibilni-pracovni-doba\/\" \/>\n<meta property=\"og:site_name\" content=\"Blog Orange Academy\" \/>\n<meta property=\"article:publisher\" content=\"https:\/\/www.facebook.com\/OrangeAcademy.sro\" \/>\n<meta property=\"article:published_time\" content=\"2021-08-31T09:47:37+00:00\" \/>\n<meta property=\"article:modified_time\" content=\"2024-03-22T13:48:41+00:00\" \/>\n<meta property=\"og:image\" content=\"https:\/\/orangeacademy.cz\/clanky\/wp-content\/uploads\/2021\/08\/flexibilita-1080x675-1.jpg\" \/>\n\t<meta property=\"og:image:width\" content=\"1080\" \/>\n\t<meta property=\"og:image:height\" content=\"675\" \/>\n\t<meta property=\"og:image:type\" content=\"image\/jpeg\" \/>\n<meta name=\"author\" content=\"Daniela Duch\u00e1\u010dkov\u00e1\" \/>\n<meta name=\"twitter:card\" content=\"summary_large_image\" \/>\n<meta name=\"twitter:label1\" content=\"Napsal(a)\" \/>\n\t<meta name=\"twitter:data1\" content=\"Daniela Duch\u00e1\u010dkov\u00e1\" \/>\n\t<meta name=\"twitter:label2\" content=\"Odhadovan\u00e1 doba \u010dten\u00ed\" \/>\n\t<meta name=\"twitter:data2\" content=\"6 minut\" \/>\n<!-- \/ Yoast SEO plugin. -->","yoast_head_json":{"title":"Flexibiln\u00ed pracovn\u00ed doba: co to je a jak\u00e9 jsou jej\u00ed v\u00fdhody?","description":"Co je to flexibiln\u00ed pracovn\u00ed doba a jak p\u0159esn\u011b vypad\u00e1? Jak\u00e9 v\u00fdhody p\u0159inese zam\u011bstnavateli i zam\u011bstnanci a pro\u010d se vyplat\u00ed?","robots":{"index":"index","follow":"follow","max-snippet":"max-snippet:-1","max-image-preview":"max-image-preview:large","max-video-preview":"max-video-preview:-1"},"canonical":"https:\/\/orangeacademy.cz\/clanky\/flexibilni-pracovni-doba\/","og_locale":"cs_CZ","og_type":"article","og_title":"Flexibiln\u00ed pracovn\u00ed doba: co to je a jak\u00e9 jsou jej\u00ed v\u00fdhody?","og_description":"Co je to flexibiln\u00ed pracovn\u00ed doba a jak p\u0159esn\u011b vypad\u00e1? Jak\u00e9 v\u00fdhody p\u0159inese zam\u011bstnavateli i zam\u011bstnanci a pro\u010d se vyplat\u00ed?","og_url":"https:\/\/orangeacademy.cz\/clanky\/flexibilni-pracovni-doba\/","og_site_name":"Blog Orange Academy","article_publisher":"https:\/\/www.facebook.com\/OrangeAcademy.sro","article_published_time":"2021-08-31T09:47:37+00:00","article_modified_time":"2024-03-22T13:48:41+00:00","og_image":[{"width":1080,"height":675,"url":"https:\/\/orangeacademy.cz\/clanky\/wp-content\/uploads\/2021\/08\/flexibilita-1080x675-1.jpg","type":"image\/jpeg"}],"author":"Daniela Duch\u00e1\u010dkov\u00e1","twitter_card":"summary_large_image","twitter_misc":{"Napsal(a)":"Daniela Duch\u00e1\u010dkov\u00e1","Odhadovan\u00e1 doba \u010dten\u00ed":"6 minut"},"schema":{"@context":"https:\/\/schema.org","@graph":[{"@type":"Article","@id":"https:\/\/orangeacademy.cz\/clanky\/flexibilni-pracovni-doba\/#article","isPartOf":{"@id":"https:\/\/orangeacademy.cz\/clanky\/flexibilni-pracovni-doba\/"},"author":{"name":"Daniela Duch\u00e1\u010dkov\u00e1","@id":"https:\/\/orangeacademy.cz\/clanky\/#\/schema\/person\/f7c9d261df12e0d4a3349fede635fb58"},"headline":"Flexibiln\u00ed pracovn\u00ed doba: co to je a jak\u00e9 jsou jej\u00ed v\u00fdhody?","datePublished":"2021-08-31T09:47:37+00:00","dateModified":"2024-03-22T13:48:41+00:00","mainEntityOfPage":{"@id":"https:\/\/orangeacademy.cz\/clanky\/flexibilni-pracovni-doba\/"},"wordCount":1146,"commentCount":3,"image":{"@id":"https:\/\/orangeacademy.cz\/clanky\/flexibilni-pracovni-doba\/#primaryimage"},"thumbnailUrl":"https:\/\/orangeacademy.cz\/clanky\/wp-content\/uploads\/2021\/08\/flexibilita-1080x675-1.jpg","keywords":["Jak si usnadnit pr\u00e1ci","Kari\u00e9ra","Pr\u00e1ce","Tipy"],"articleSection":["Neza\u0159azeno","Pr\u00e1ce a kari\u00e9ra"],"inLanguage":"cs","potentialAction":[{"@type":"CommentAction","name":"Comment","target":["https:\/\/orangeacademy.cz\/clanky\/flexibilni-pracovni-doba\/#respond"]}]},{"@type":"WebPage","@id":"https:\/\/orangeacademy.cz\/clanky\/flexibilni-pracovni-doba\/","url":"https:\/\/orangeacademy.cz\/clanky\/flexibilni-pracovni-doba\/","name":"Flexibiln\u00ed pracovn\u00ed doba: co to je a jak\u00e9 jsou jej\u00ed v\u00fdhody?","isPartOf":{"@id":"https:\/\/orangeacademy.cz\/clanky\/#website"},"primaryImageOfPage":{"@id":"https:\/\/orangeacademy.cz\/clanky\/flexibilni-pracovni-doba\/#primaryimage"},"image":{"@id":"https:\/\/orangeacademy.cz\/clanky\/flexibilni-pracovni-doba\/#primaryimage"},"thumbnailUrl":"https:\/\/orangeacademy.cz\/clanky\/wp-content\/uploads\/2021\/08\/flexibilita-1080x675-1.jpg","datePublished":"2021-08-31T09:47:37+00:00","dateModified":"2024-03-22T13:48:41+00:00","author":{"@id":"https:\/\/orangeacademy.cz\/clanky\/#\/schema\/person\/f7c9d261df12e0d4a3349fede635fb58"},"description":"Co je to flexibiln\u00ed pracovn\u00ed doba a jak p\u0159esn\u011b vypad\u00e1? Jak\u00e9 v\u00fdhody p\u0159inese zam\u011bstnavateli i zam\u011bstnanci a pro\u010d se vyplat\u00ed?","breadcrumb":{"@id":"https:\/\/orangeacademy.cz\/clanky\/flexibilni-pracovni-doba\/#breadcrumb"},"inLanguage":"cs","potentialAction":[{"@type":"ReadAction","target":["https:\/\/orangeacademy.cz\/clanky\/flexibilni-pracovni-doba\/"]}]},{"@type":"ImageObject","inLanguage":"cs","@id":"https:\/\/orangeacademy.cz\/clanky\/flexibilni-pracovni-doba\/#primaryimage","url":"https:\/\/orangeacademy.cz\/clanky\/wp-content\/uploads\/2021\/08\/flexibilita-1080x675-1.jpg","contentUrl":"https:\/\/orangeacademy.cz\/clanky\/wp-content\/uploads\/2021\/08\/flexibilita-1080x675-1.jpg","width":1080,"height":675,"caption":"Flexibiln\u00ed pracovn\u00ed doba"},{"@type":"BreadcrumbList","@id":"https:\/\/orangeacademy.cz\/clanky\/flexibilni-pracovni-doba\/#breadcrumb","itemListElement":[{"@type":"ListItem","position":1,"name":"Home","item":"https:\/\/orangeacademy.cz\/clanky\/"},{"@type":"ListItem","position":2,"name":"Flexibiln\u00ed pracovn\u00ed doba: co to je a jak\u00e9 jsou jej\u00ed v\u00fdhody?"}]},{"@type":"WebSite","@id":"https:\/\/orangeacademy.cz\/clanky\/#website","url":"https:\/\/orangeacademy.cz\/clanky\/","name":"Blog Orange Academy","description":"Kurzy, rekvalifikace, lep\u0161\u00ed pr\u00e1ce i \u017eivot","potentialAction":[{"@type":"SearchAction","target":{"@type":"EntryPoint","urlTemplate":"https:\/\/orangeacademy.cz\/clanky\/?s={search_term_string}"},"query-input":{"@type":"PropertyValueSpecification","valueRequired":true,"valueName":"search_term_string"}}],"inLanguage":"cs"},{"@type":"Person","@id":"https:\/\/orangeacademy.cz\/clanky\/#\/schema\/person\/f7c9d261df12e0d4a3349fede635fb58","name":"Daniela Duch\u00e1\u010dkov\u00e1","image":{"@type":"ImageObject","inLanguage":"cs","@id":"https:\/\/secure.gravatar.com\/avatar\/bb2dc1fe0ddd30c6f984332f9779f1bd00f5c33db157da00258d4fbd8f227f9c?s=96&d=wavatar&r=g","url":"https:\/\/secure.gravatar.com\/avatar\/bb2dc1fe0ddd30c6f984332f9779f1bd00f5c33db157da00258d4fbd8f227f9c?s=96&d=wavatar&r=g","contentUrl":"https:\/\/secure.gravatar.com\/avatar\/bb2dc1fe0ddd30c6f984332f9779f1bd00f5c33db157da00258d4fbd8f227f9c?s=96&d=wavatar&r=g","caption":"Daniela Duch\u00e1\u010dkov\u00e1"},"url":"https:\/\/orangeacademy.cz\/clanky\/author\/adamova\/"}]}},"_links":{"self":[{"href":"https:\/\/orangeacademy.cz\/clanky\/wp-json\/wp\/v2\/posts\/4342","targetHints":{"allow":["GET"]}}],"collection":[{"href":"https:\/\/orangeacademy.cz\/clanky\/wp-json\/wp\/v2\/posts"}],"about":[{"href":"https:\/\/orangeacademy.cz\/clanky\/wp-json\/wp\/v2\/types\/post"}],"author":[{"embeddable":true,"href":"https:\/\/orangeacademy.cz\/clanky\/wp-json\/wp\/v2\/users\/11"}],"replies":[{"embeddable":true,"href":"https:\/\/orangeacademy.cz\/clanky\/wp-json\/wp\/v2\/comments?post=4342"}],"version-history":[{"count":3,"href":"https:\/\/orangeacademy.cz\/clanky\/wp-json\/wp\/v2\/posts\/4342\/revisions"}],"predecessor-version":[{"id":9168,"href":"https:\/\/orangeacademy.cz\/clanky\/wp-json\/wp\/v2\/posts\/4342\/revisions\/9168"}],"wp:featuredmedia":[{"embeddable":true,"href":"https:\/\/orangeacademy.cz\/clanky\/wp-json\/wp\/v2\/media\/9169"}],"wp:attachment":[{"href":"https:\/\/orangeacademy.cz\/clanky\/wp-json\/wp\/v2\/media?parent=4342"}],"wp:term":[{"taxonomy":"category","embeddable":true,"href":"https:\/\/orangeacademy.cz\/clanky\/wp-json\/wp\/v2\/categories?post=4342"},{"taxonomy":"post_tag","embeddable":true,"href":"https:\/\/orangeacademy.cz\/clanky\/wp-json\/wp\/v2\/tags?post=4342"}],"curies":[{"name":"wp","href":"https:\/\/api.w.org\/{rel}","templated":true}]}}