{"id":3088,"date":"2020-09-25T16:04:37","date_gmt":"2020-09-25T14:04:37","guid":{"rendered":"https:\/\/orangeacademy.cz\/clanky\/?p=3088"},"modified":"2021-02-21T23:01:05","modified_gmt":"2021-02-21T22:01:05","slug":"pracovni-uraz-kdy-a-jak-ho-hlasit","status":"publish","type":"post","link":"https:\/\/orangeacademy.cz\/clanky\/pracovni-uraz-kdy-a-jak-ho-hlasit\/","title":{"rendered":"Pracovn\u00ed \u00faraz: Kdy a jak ho hl\u00e1sit?"},"content":{"rendered":"<p><strong>Stal se v\u00e1m pracovn\u00ed \u00faraz? P\u0159e\u010dt\u011bte si, jak ho posuzuje z\u00e1kon\u00edk pr\u00e1ce, kdy a jak byste ho m\u011bli hl\u00e1sit a jak\u00e1 od\u0161kodn\u011bn\u00ed m\u016f\u017eete z\u00edskat.<\/strong><\/p>\n<h2>Definice pracovn\u00edho \u00farazu<\/h2>\n<p>Pracovn\u00edm \u00farazem je dle z\u00e1kon\u00edku pr\u00e1ce po\u0161kozen\u00ed zdrav\u00ed nebo smrt zam\u011bstnance, ke kter\u00e9 do\u0161lo nez\u00e1visle na jeho v\u016fli, p\u0159i kr\u00e1tkodob\u00e9m, n\u00e1hl\u00e9m a n\u00e1siln\u00e9m p\u016fsoben\u00edm vn\u011bj\u0161\u00edch vliv\u016f <strong>b\u011bhem pln\u011bn\u00ed pracovn\u00edch povinnost\u00ed<\/strong> nebo v p\u0159\u00edm\u00e9 souvislosti s nimi.<\/p>\n<p><strong>P\u0159\u00edklady:<\/strong> Jestli\u017ee p\u016fjdete nap\u0159\u00edklad na ob\u011bd <strong>mimo pracovi\u0161t\u011b<\/strong> a zlom\u00edte si cestou nohu, o pracovn\u00ed \u00faraz se jednat nebude. Tot\u00e9\u017e plat\u00ed o cest\u011b k l\u00e9ka\u0159i, do zam\u011bstn\u00e1n\u00ed a zp\u011bt.<\/p>\n<h2>Jak p\u0159i pracovn\u00edm \u00farazu postupovat?<\/h2>\n<p>Stane-li se v\u00e1m v pr\u00e1ci \u00faraz, hlaste ho <strong>bezodkladn\u011b!<\/strong> Za pomoci sv\u011bdk\u016f a fotografi\u00ed <strong>dolo\u017ete <\/strong> jeho <strong>vznik.<\/strong> Trvejte na tom, aby byl o pracovn\u00edm \u00farazu <strong>seps\u00e1n z\u00e1znam<\/strong> a podeps\u00e1n zam\u011bstnavatelem. U o\u0161et\u0159uj\u00edc\u00edho l\u00e9ka\u0159i <strong>si nechte vystavit posudek<\/strong> s bodov\u00fdm ohodnocen\u00edm \u00farazu. Ve\u0161ker\u00e9 souvisej\u00edc\u00ed dokumenty pak p\u0159edlo\u017ete zam\u011bstnavateli a po\u017e\u00e1dejte ho o <strong>vyplacen\u00ed od\u0161kodn\u00e9ho.<\/strong> Pokud by v\u00e1m vyplacen\u00ed i p\u0159es v\u00e1\u0161 n\u00e1rok zam\u00edtl, je t\u0159eba se obr\u00e1tit na pr\u00e1vn\u00edka.<\/p>\n<p><strong>Pozor!<\/strong> Pamatujte, \u017ee m\u00e1te povinnost hl\u00e1sit i \u00faraz jin\u00e9ho zam\u011bstnance \u010di fyzick\u00e9 osoby, kter\u00e9ho jste byli sv\u011bdkem! Pom\u016f\u017eete tak objasnit jeho p\u0159\u00ed\u010diny a vy\u0159\u00eddit za po\u0161kozen\u00e9ho nezbytn\u00e9 kroky.<\/p>\n<h2>Jak\u00e9 od\u0161kodn\u011bn\u00ed m\u016f\u017eete z\u00edskat?<\/h2>\n<p>Dle z\u00e1va\u017enosti a povahy \u00farazu m\u00e1te n\u00e1rok na odpov\u00eddaj\u00edc\u00ed od\u0161kodn\u011bn\u00ed, kter\u00fdm m\u016f\u017ee b\u00fdt:<\/p>\n<ul>\n<li>bolestn\u00e9,<\/li>\n<li>n\u00e1hrada ve\u0161ker\u00fdch v\u00fddaj\u016f spojen\u00fdch s l\u00e9\u010dbou,<\/li>\n<li>n\u00e1hrada \u00fa\u010deln\u011b vynalo\u017een\u00fdch n\u00e1klad\u016f v souvislosti s \u00farazem,<\/li>\n<li>n\u00e1hrada ztr\u00e1ty <a href=\"https:\/\/orangeacademy.cz\/clanky\/jak-poroste-minimalni-mzda-2020\/\" target=\"_blank\" rel=\"noopener noreferrer\">mzdy<\/a>,<\/li>\n<li>dorovn\u00e1n\u00ed v\u00fdd\u011blku po skon\u010den\u00ed pracovn\u00ed neschopnosti,<\/li>\n<li>n\u00e1hrada za zt\u00ed\u017een\u00ed spole\u010densk\u00e9ho uplatn\u011bn\u00ed,<\/li>\n<li>n\u00e1hrada za v\u011bcnou \u0161kodu,<\/li>\n<li>n\u00e1hrada p\u0159i \u00famrt\u00ed zam\u011bstnance a n\u00e1hrady v\u00fd\u017eivn\u00e9ho.<\/li>\n<\/ul>\n<p>N\u00ed\u017ee se pod\u00edvejte na v\u00edce informac\u00ed o jednotliv\u00fdch typech od\u0161kodn\u011bn\u00ed, na kter\u00e1 m\u016f\u017eete m\u00edt n\u00e1rok.<\/p>\n<h3>Bolestn\u00e9<\/h3>\n<p>Stane-li se v\u00e1m pracovn\u00ed \u00faraz, m\u00e1te v\u017edy n\u00e1rok na n\u00e1hradu za bolest (bolestn\u00e9). Jedn\u00e1 se o <strong>jednor\u00e1zov\u00e9 od\u0161kodn\u011bn\u00ed.<\/strong><\/p>\n<h3>N\u00e1hrada za zt\u00ed\u017een\u00ed spole\u010densk\u00e9ho uplatn\u011bn\u00ed<\/h3>\n<p>Tento typ od\u0161kodn\u011bn\u00ed m\u00e1 hradit n\u00e1sledky \u0161kody na zdrav\u00ed, kter\u00e9 jsou <strong>trval\u00e9ho charakteru<\/strong> a zt\u011b\u017euj\u00ed po\u0161kozen\u00e9mu uplatn\u011bn\u00ed v pracovn\u00edm i osobn\u00edm \u017eivot\u011b. Op\u011bt jde o jednor\u00e1zovou n\u00e1hradu.<\/p>\n<h3>N\u00e1hrada ztr\u00e1ty mzdy<\/h3>\n<p>N\u00e1hrada ztr\u00e1ty mzdy neboli n\u00e1hrada za ztr\u00e1tu na v\u00fdd\u011blku po dobu pracovn\u00ed neschopnosti se vypl\u00e1c\u00ed ve v\u00fd\u0161i rovn\u00e9 pr\u016fm\u011brn\u00e9mu v\u00fdd\u011blku za odpracovanou hodinu a n\u00e1hradou mzdy v\u010detn\u011b nemocensk\u00e9. Podle z\u00e1kon\u00edku pr\u00e1ce je zam\u011bstnavatel tuto n\u00e1hradu povinen vypl\u00e1cet zpravidla ka\u017ed\u00fd m\u011bs\u00edc.<\/p>\n<p><strong>Pozor!<\/strong> Jednotliv\u00e9 \u010d\u00e1stky n\u00e1hrad za pracovn\u00ed \u00faraz se proml\u010duj\u00ed <strong>po uplynut\u00ed t\u0159\u00ed let. <\/strong><\/p>\n<p><img loading=\"lazy\" decoding=\"async\" class=\"alignnone size-full wp-image-3091\" src=\"https:\/\/orangeacademy.cz\/clanky\/wp-content\/uploads\/2020\/09\/pracovni_uraz.jpg\" alt=\"pracovn\u00ed \u00faraz\" width=\"1920\" height=\"1199\" srcset=\"https:\/\/orangeacademy.cz\/clanky\/wp-content\/uploads\/2020\/09\/pracovni_uraz.jpg 1920w, https:\/\/orangeacademy.cz\/clanky\/wp-content\/uploads\/2020\/09\/pracovni_uraz-1280x799.jpg 1280w, https:\/\/orangeacademy.cz\/clanky\/wp-content\/uploads\/2020\/09\/pracovni_uraz-980x612.jpg 980w, https:\/\/orangeacademy.cz\/clanky\/wp-content\/uploads\/2020\/09\/pracovni_uraz-480x300.jpg 480w\" sizes=\"(min-width: 0px) and (max-width: 480px) 480px, (min-width: 481px) and (max-width: 980px) 980px, (min-width: 981px) and (max-width: 1280px) 1280px, (min-width: 1281px) 1920px, 100vw\" \/><\/p>\n<h3>N\u00e1hrada za v\u011bcnou \u0161kodu<\/h3>\n<p>Na tento typ n\u00e1hrady m\u00e1te n\u00e1rok, pokud dojde b\u011bhem pracovn\u00edho \u00farazu ke \u0161kod\u011b na va\u0161ich v\u011bcech (oble\u010den\u00ed, obuvi, vozidle apod.). V\u00fd\u0161e \u0161kody se stanov\u00ed dle ceny v\u011bci v dob\u011b po\u0161kozen\u00ed s p\u0159ihl\u00e9dnut\u00edm k jej\u00edmu b\u011b\u017en\u00e9mu opot\u0159eben\u00ed. Pat\u0159\u00ed sem v\u0161ak tak\u00e9 hodnota dom\u00e1c\u00edch prac\u00ed, kter\u00e9 za v\u00e1s n\u00e1sledn\u011b mus\u00ed vykon\u00e1vat n\u011bkdo jin\u00fd.<\/p>\n<h3>N\u00e1hrada p\u0159i \u00famrt\u00ed zam\u011bstnance a n\u00e1hrady v\u00fd\u017eivn\u00e9ho<\/h3>\n<p>Na v\u00fd\u017eivn\u00e9 maj\u00ed v p\u0159\u00edpad\u011b smrti zam\u011bstnance n\u00e1rok nejen poz\u016fstal\u00ed, ale i jin\u00e9 osoby, jim\u017e ho poskytoval. V\u00fd\u0161e n\u00e1hrady se vypo\u010d\u00edt\u00e1 jako rozd\u00edl mezi o\u010dek\u00e1van\u00fdm v\u00fd\u017eivn\u00fdm, kter\u00e9 poz\u016fstal\u00ed dost\u00e1vali nebo m\u011bli dost\u00e1vat a d\u00e1vkami d\u016fchodov\u00e9ho zabezpe\u010den\u00ed (vdoveck\u00fd\/vdovsk\u00fd \u010di <a href=\"https:\/\/orangeacademy.cz\/clanky\/sirotci-duchod\/\" target=\"_blank\" rel=\"noopener noreferrer\">sirot\u010d\u00ed d\u016fchod<\/a>), je\u017e obdr\u017e\u00ed. N\u00e1hrada v\u0161ak <strong>nemus\u00ed b\u00fdt pouze finan\u010dn\u00edho charakteru.<\/strong> V\u017edy se posuzuje, do jak\u00e9 m\u00edry a v \u010dem smrt \u017eivitele zas\u00e1hla do ekonomick\u00e9 situace poz\u016fstal\u00fdch.<\/p>\n<h2>Jak\u00e9 jsou povinnosti zam\u011bstnavatele p\u0159i poskytnut\u00ed n\u00e1hrady za \u0161kodu \u010di nemajetkovou \u00fajmu?<\/h2>\n<p>Jestli\u017ee si zp\u016fsob\u00edte pracovn\u00ed \u00faraz dle v\u00fd\u0161e uveden\u00fdch podm\u00ednek, zam\u011bstnavatel je v\u00e1m povinen nahradit \u0161kodu nebo nemajetkovou \u00fajmu. V\u00fdjimku tvo\u0159\u00ed situace, p\u0159i nich\u017e je z t\u00e9to povinnosti <strong>zcela zpro\u0161t\u011bn,<\/strong> jsou-li z\u00e1rove\u0148 jedinou p\u0159\u00ed\u010dinou \u0161kody \u010di nemajetkov\u00e9 \u00fajmy. Jedn\u00e1 se o:<\/p>\n<ul>\n<li>p\u0159\u00edpad, kdy poru\u0161\u00edte pr\u00e1vn\u00ed nebo ostatn\u00ed p\u0159edpisy \u010di pokyny k zaji\u0161t\u011bn\u00ed bezpe\u010dnosti a ochrany zdrav\u00ed p\u0159i pr\u00e1ci sv\u00fdm zavin\u011bn\u00edm, i p\u0159esto\u017ee jste s nimi byli sezn\u00e1meni a jejich znalost po v\u00e1s byla soustavn\u011b vy\u017eadov\u00e1na a kontrolov\u00e1na,<\/li>\n<li>situaci, kdy budete v pr\u00e1ci opil\u00ed nebo pod vlivem jin\u00fdch n\u00e1vykov\u00fdch l\u00e1tek a zam\u011bstnavatel nebude moci \u0161kod\u011b nebo nemajetkov\u00e9 \u00fajm\u011b zabr\u00e1nit.<\/li>\n<\/ul>\n<p><strong>\u010c\u00e1ste\u010dn\u011b <\/strong> je pak z \u00fahrady \u0161kody \u010di nemajetkov\u00e9 \u00fajmy zpro\u0161t\u011bn v p\u0159\u00edpad\u011b, kdy:<\/p>\n<ul>\n<li>do\u0161lo ke skute\u010dnostem uv\u00e1d\u011bn\u00fdm v\u00fd\u0161e, pokud byly <strong>jednou z p\u0159\u00ed\u010din<\/strong> pracovn\u00edho \u00farazu,<\/li>\n<li>budete jednat lehkomysln\u011b*, i p\u0159esto\u017ee neporu\u0161\u00edte pr\u00e1vn\u00ed ani jin\u00e9 p\u0159edpisy \u010di pokyny k zaji\u0161t\u011bn\u00ed bezpe\u010dnosti a ochrany zdrav\u00ed p\u0159i pr\u00e1ci.<\/li>\n<\/ul>\n<p>V p\u0159\u00edpad\u011b lehkomysln\u00e9ho jedn\u00e1n\u00ed je zam\u011bstnavatel povinnen uhradit <strong>alespo\u0148 t\u0159etinu<\/strong> \u0161kody \u010di \u00fajmy. Dojde-li k pracovn\u00edmu \u00farazu z jin\u00e9ho d\u016fvodu, mus\u00ed ur\u010dit jejich \u010d\u00e1st, kterou dle m\u00edry zavin\u011bn\u00ed zaplat\u00edte vy sami.<\/p>\n<blockquote><p>*Za lehkomysln\u00e9 jedn\u00e1n\u00ed se nepova\u017euje b\u011b\u017en\u00e1 neopatrnost a jedn\u00e1n\u00ed vypl\u00fdvaj\u00edc\u00ed z rizika pr\u00e1ce.<\/p><\/blockquote>\n<p><strong>Tip:<\/strong> P\u0159e\u010dt\u011bte si, jak\u00e9 pracovn\u00ed od\u011bvy vybrat, aby v\u00e1s ochr\u00e1nily p\u0159ed \u00farazem a kdy m\u00e1 zam\u011bstnavatel povinnost je uhradit!<\/p>\n<p><em>Zdroj: portal.pohoda.cz, euro.cz, epravo.cz, profipravo.cz<\/em><\/p>\n","protected":false},"excerpt":{"rendered":"<p>Stal se v\u00e1m pracovn\u00ed \u00faraz? P\u0159e\u010dt\u011bte si, jak ho posuzuje z\u00e1kon\u00edk pr\u00e1ce, kdy a jak byste ho m\u011bli hl\u00e1sit a jak\u00e1 od\u0161kodn\u011bn\u00ed m\u016f\u017eete z\u00edskat. Definice pracovn\u00edho \u00farazu Pracovn\u00edm \u00farazem je dle z\u00e1kon\u00edku pr\u00e1ce po\u0161kozen\u00ed zdrav\u00ed nebo smrt zam\u011bstnance, ke kter\u00e9 do\u0161lo nez\u00e1visle na jeho v\u016fli, p\u0159i kr\u00e1tkodob\u00e9m, n\u00e1hl\u00e9m a n\u00e1siln\u00e9m p\u016fsoben\u00edm vn\u011bj\u0161\u00edch vliv\u016f b\u011bhem pln\u011bn\u00ed [&hellip;]<\/p>\n","protected":false},"author":5,"featured_media":3090,"comment_status":"open","ping_status":"open","sticky":false,"template":"","format":"standard","meta":{"_et_pb_use_builder":"","_et_pb_old_content":"","_et_gb_content_width":"","footnotes":""},"categories":[1,20],"tags":[52,46,25],"class_list":["post-3088","post","type-post","status-publish","format-standard","has-post-thumbnail","hentry","category-nezarazeno","category-prace-a-kariera","tag-davky","tag-prace","tag-zakony"],"yoast_head":"<!-- This site is optimized with the Yoast SEO plugin v27.5 - https:\/\/yoast.com\/product\/yoast-seo-wordpress\/ -->\n<title>Pracovn\u00ed \u00faraz: Kdy a jak ho hl\u00e1sit?<\/title>\n<meta name=\"description\" content=\"Stal se v\u00e1m pracovn\u00ed \u00faraz? P\u0159e\u010dt\u011bte si, jak ho posuzuje z\u00e1kon\u00edk pr\u00e1ce, kdy a jak byste ho m\u011bli hl\u00e1sit a jak\u00e1 od\u0161kodn\u011bn\u00ed m\u016f\u017eete z\u00edskat.\" \/>\n<meta name=\"robots\" content=\"index, follow, max-snippet:-1, max-image-preview:large, max-video-preview:-1\" \/>\n<link rel=\"canonical\" href=\"https:\/\/orangeacademy.cz\/clanky\/pracovni-uraz-kdy-a-jak-ho-hlasit\/\" \/>\n<meta property=\"og:locale\" content=\"cs_CZ\" \/>\n<meta property=\"og:type\" content=\"article\" \/>\n<meta property=\"og:title\" content=\"Pracovn\u00ed \u00faraz: Kdy a jak ho hl\u00e1sit?\" \/>\n<meta property=\"og:description\" content=\"Stal se v\u00e1m pracovn\u00ed \u00faraz? P\u0159e\u010dt\u011bte si, jak ho posuzuje z\u00e1kon\u00edk pr\u00e1ce, kdy a jak byste ho m\u011bli hl\u00e1sit a jak\u00e1 od\u0161kodn\u011bn\u00ed m\u016f\u017eete z\u00edskat.\" \/>\n<meta property=\"og:url\" content=\"https:\/\/orangeacademy.cz\/clanky\/pracovni-uraz-kdy-a-jak-ho-hlasit\/\" \/>\n<meta property=\"og:site_name\" content=\"Blog Orange Academy\" \/>\n<meta property=\"article:publisher\" content=\"https:\/\/www.facebook.com\/OrangeAcademy.sro\" \/>\n<meta property=\"article:published_time\" content=\"2020-09-25T14:04:37+00:00\" \/>\n<meta property=\"article:modified_time\" content=\"2021-02-21T22:01:05+00:00\" \/>\n<meta property=\"og:image\" content=\"https:\/\/orangeacademy.cz\/clanky\/wp-content\/uploads\/2020\/09\/pracovni_uraz_2.jpg\" \/>\n\t<meta property=\"og:image:width\" content=\"1920\" \/>\n\t<meta property=\"og:image:height\" content=\"1554\" \/>\n\t<meta property=\"og:image:type\" content=\"image\/jpeg\" \/>\n<meta name=\"author\" content=\"Mark\u00e9ta Kade\u0159\u00e1bkov\u00e1\" \/>\n<meta name=\"twitter:card\" content=\"summary_large_image\" \/>\n<meta name=\"twitter:label1\" content=\"Napsal(a)\" \/>\n\t<meta name=\"twitter:data1\" content=\"Mark\u00e9ta Kade\u0159\u00e1bkov\u00e1\" \/>\n\t<meta name=\"twitter:label2\" content=\"Odhadovan\u00e1 doba \u010dten\u00ed\" \/>\n\t<meta name=\"twitter:data2\" content=\"4 minuty\" \/>\n<!-- \/ Yoast SEO plugin. -->","yoast_head_json":{"title":"Pracovn\u00ed \u00faraz: Kdy a jak ho hl\u00e1sit?","description":"Stal se v\u00e1m pracovn\u00ed \u00faraz? P\u0159e\u010dt\u011bte si, jak ho posuzuje z\u00e1kon\u00edk pr\u00e1ce, kdy a jak byste ho m\u011bli hl\u00e1sit a jak\u00e1 od\u0161kodn\u011bn\u00ed m\u016f\u017eete z\u00edskat.","robots":{"index":"index","follow":"follow","max-snippet":"max-snippet:-1","max-image-preview":"max-image-preview:large","max-video-preview":"max-video-preview:-1"},"canonical":"https:\/\/orangeacademy.cz\/clanky\/pracovni-uraz-kdy-a-jak-ho-hlasit\/","og_locale":"cs_CZ","og_type":"article","og_title":"Pracovn\u00ed \u00faraz: Kdy a jak ho hl\u00e1sit?","og_description":"Stal se v\u00e1m pracovn\u00ed \u00faraz? P\u0159e\u010dt\u011bte si, jak ho posuzuje z\u00e1kon\u00edk pr\u00e1ce, kdy a jak byste ho m\u011bli hl\u00e1sit a jak\u00e1 od\u0161kodn\u011bn\u00ed m\u016f\u017eete z\u00edskat.","og_url":"https:\/\/orangeacademy.cz\/clanky\/pracovni-uraz-kdy-a-jak-ho-hlasit\/","og_site_name":"Blog Orange Academy","article_publisher":"https:\/\/www.facebook.com\/OrangeAcademy.sro","article_published_time":"2020-09-25T14:04:37+00:00","article_modified_time":"2021-02-21T22:01:05+00:00","og_image":[{"width":1920,"height":1554,"url":"https:\/\/orangeacademy.cz\/clanky\/wp-content\/uploads\/2020\/09\/pracovni_uraz_2.jpg","type":"image\/jpeg"}],"author":"Mark\u00e9ta Kade\u0159\u00e1bkov\u00e1","twitter_card":"summary_large_image","twitter_misc":{"Napsal(a)":"Mark\u00e9ta Kade\u0159\u00e1bkov\u00e1","Odhadovan\u00e1 doba \u010dten\u00ed":"4 minuty"},"schema":{"@context":"https:\/\/schema.org","@graph":[{"@type":"Article","@id":"https:\/\/orangeacademy.cz\/clanky\/pracovni-uraz-kdy-a-jak-ho-hlasit\/#article","isPartOf":{"@id":"https:\/\/orangeacademy.cz\/clanky\/pracovni-uraz-kdy-a-jak-ho-hlasit\/"},"author":{"name":"Mark\u00e9ta Kade\u0159\u00e1bkov\u00e1","@id":"https:\/\/orangeacademy.cz\/clanky\/#\/schema\/person\/c89781e6fd070908cfbb615dff8519cb"},"headline":"Pracovn\u00ed \u00faraz: Kdy a jak ho hl\u00e1sit?","datePublished":"2020-09-25T14:04:37+00:00","dateModified":"2021-02-21T22:01:05+00:00","mainEntityOfPage":{"@id":"https:\/\/orangeacademy.cz\/clanky\/pracovni-uraz-kdy-a-jak-ho-hlasit\/"},"wordCount":1097,"commentCount":3,"image":{"@id":"https:\/\/orangeacademy.cz\/clanky\/pracovni-uraz-kdy-a-jak-ho-hlasit\/#primaryimage"},"thumbnailUrl":"https:\/\/orangeacademy.cz\/clanky\/wp-content\/uploads\/2020\/09\/pracovni_uraz_2.jpg","keywords":["D\u00e1vky","Pr\u00e1ce","Z\u00e1kony"],"articleSection":["Neza\u0159azeno","Pr\u00e1ce a kari\u00e9ra"],"inLanguage":"cs","potentialAction":[{"@type":"CommentAction","name":"Comment","target":["https:\/\/orangeacademy.cz\/clanky\/pracovni-uraz-kdy-a-jak-ho-hlasit\/#respond"]}]},{"@type":"WebPage","@id":"https:\/\/orangeacademy.cz\/clanky\/pracovni-uraz-kdy-a-jak-ho-hlasit\/","url":"https:\/\/orangeacademy.cz\/clanky\/pracovni-uraz-kdy-a-jak-ho-hlasit\/","name":"Pracovn\u00ed \u00faraz: Kdy a jak ho hl\u00e1sit?","isPartOf":{"@id":"https:\/\/orangeacademy.cz\/clanky\/#website"},"primaryImageOfPage":{"@id":"https:\/\/orangeacademy.cz\/clanky\/pracovni-uraz-kdy-a-jak-ho-hlasit\/#primaryimage"},"image":{"@id":"https:\/\/orangeacademy.cz\/clanky\/pracovni-uraz-kdy-a-jak-ho-hlasit\/#primaryimage"},"thumbnailUrl":"https:\/\/orangeacademy.cz\/clanky\/wp-content\/uploads\/2020\/09\/pracovni_uraz_2.jpg","datePublished":"2020-09-25T14:04:37+00:00","dateModified":"2021-02-21T22:01:05+00:00","author":{"@id":"https:\/\/orangeacademy.cz\/clanky\/#\/schema\/person\/c89781e6fd070908cfbb615dff8519cb"},"description":"Stal se v\u00e1m pracovn\u00ed \u00faraz? P\u0159e\u010dt\u011bte si, jak ho posuzuje z\u00e1kon\u00edk pr\u00e1ce, kdy a jak byste ho m\u011bli hl\u00e1sit a jak\u00e1 od\u0161kodn\u011bn\u00ed m\u016f\u017eete z\u00edskat.","breadcrumb":{"@id":"https:\/\/orangeacademy.cz\/clanky\/pracovni-uraz-kdy-a-jak-ho-hlasit\/#breadcrumb"},"inLanguage":"cs","potentialAction":[{"@type":"ReadAction","target":["https:\/\/orangeacademy.cz\/clanky\/pracovni-uraz-kdy-a-jak-ho-hlasit\/"]}]},{"@type":"ImageObject","inLanguage":"cs","@id":"https:\/\/orangeacademy.cz\/clanky\/pracovni-uraz-kdy-a-jak-ho-hlasit\/#primaryimage","url":"https:\/\/orangeacademy.cz\/clanky\/wp-content\/uploads\/2020\/09\/pracovni_uraz_2.jpg","contentUrl":"https:\/\/orangeacademy.cz\/clanky\/wp-content\/uploads\/2020\/09\/pracovni_uraz_2.jpg","width":1920,"height":1554,"caption":"Pracovn\u00ed \u00faraz: Kdy a jak ho hl\u00e1sit?"},{"@type":"BreadcrumbList","@id":"https:\/\/orangeacademy.cz\/clanky\/pracovni-uraz-kdy-a-jak-ho-hlasit\/#breadcrumb","itemListElement":[{"@type":"ListItem","position":1,"name":"Home","item":"https:\/\/orangeacademy.cz\/clanky\/"},{"@type":"ListItem","position":2,"name":"Pracovn\u00ed \u00faraz: Kdy a jak ho hl\u00e1sit?"}]},{"@type":"WebSite","@id":"https:\/\/orangeacademy.cz\/clanky\/#website","url":"https:\/\/orangeacademy.cz\/clanky\/","name":"Blog Orange Academy","description":"Kurzy, rekvalifikace, lep\u0161\u00ed pr\u00e1ce i \u017eivot","potentialAction":[{"@type":"SearchAction","target":{"@type":"EntryPoint","urlTemplate":"https:\/\/orangeacademy.cz\/clanky\/?s={search_term_string}"},"query-input":{"@type":"PropertyValueSpecification","valueRequired":true,"valueName":"search_term_string"}}],"inLanguage":"cs"},{"@type":"Person","@id":"https:\/\/orangeacademy.cz\/clanky\/#\/schema\/person\/c89781e6fd070908cfbb615dff8519cb","name":"Mark\u00e9ta Kade\u0159\u00e1bkov\u00e1","image":{"@type":"ImageObject","inLanguage":"cs","@id":"https:\/\/secure.gravatar.com\/avatar\/a1f683b7f89a8a1d5f090e492b5634128368655f14f98ca270eb65674e78f2e6?s=96&d=wavatar&r=g","url":"https:\/\/secure.gravatar.com\/avatar\/a1f683b7f89a8a1d5f090e492b5634128368655f14f98ca270eb65674e78f2e6?s=96&d=wavatar&r=g","contentUrl":"https:\/\/secure.gravatar.com\/avatar\/a1f683b7f89a8a1d5f090e492b5634128368655f14f98ca270eb65674e78f2e6?s=96&d=wavatar&r=g","caption":"Mark\u00e9ta Kade\u0159\u00e1bkov\u00e1"},"sameAs":["https:\/\/orangeacademy.cz\/lide\/marketa-kaderabkova"],"url":"https:\/\/orangeacademy.cz\/clanky\/author\/kaderabkova\/"}]}},"_links":{"self":[{"href":"https:\/\/orangeacademy.cz\/clanky\/wp-json\/wp\/v2\/posts\/3088","targetHints":{"allow":["GET"]}}],"collection":[{"href":"https:\/\/orangeacademy.cz\/clanky\/wp-json\/wp\/v2\/posts"}],"about":[{"href":"https:\/\/orangeacademy.cz\/clanky\/wp-json\/wp\/v2\/types\/post"}],"author":[{"embeddable":true,"href":"https:\/\/orangeacademy.cz\/clanky\/wp-json\/wp\/v2\/users\/5"}],"replies":[{"embeddable":true,"href":"https:\/\/orangeacademy.cz\/clanky\/wp-json\/wp\/v2\/comments?post=3088"}],"version-history":[{"count":5,"href":"https:\/\/orangeacademy.cz\/clanky\/wp-json\/wp\/v2\/posts\/3088\/revisions"}],"predecessor-version":[{"id":3749,"href":"https:\/\/orangeacademy.cz\/clanky\/wp-json\/wp\/v2\/posts\/3088\/revisions\/3749"}],"wp:featuredmedia":[{"embeddable":true,"href":"https:\/\/orangeacademy.cz\/clanky\/wp-json\/wp\/v2\/media\/3090"}],"wp:attachment":[{"href":"https:\/\/orangeacademy.cz\/clanky\/wp-json\/wp\/v2\/media?parent=3088"}],"wp:term":[{"taxonomy":"category","embeddable":true,"href":"https:\/\/orangeacademy.cz\/clanky\/wp-json\/wp\/v2\/categories?post=3088"},{"taxonomy":"post_tag","embeddable":true,"href":"https:\/\/orangeacademy.cz\/clanky\/wp-json\/wp\/v2\/tags?post=3088"}],"curies":[{"name":"wp","href":"https:\/\/api.w.org\/{rel}","templated":true}]}}