{"id":2942,"date":"2025-02-10T08:20:24","date_gmt":"2025-02-10T07:20:24","guid":{"rendered":"https:\/\/orangeacademy.cz\/clanky\/?p=2942"},"modified":"2025-02-21T11:20:13","modified_gmt":"2025-02-21T10:20:13","slug":"otcovska-dovolena","status":"publish","type":"post","link":"https:\/\/orangeacademy.cz\/clanky\/otcovska-dovolena\/","title":{"rendered":"Otcovsk\u00e1 dovolen\u00e1: Jak\u00e1 je jej\u00ed d\u00e9lka a kdy se vypl\u00e1c\u00ed?"},"content":{"rendered":"<p><b>Tat\u00ednkov\u00e9 maj\u00ed mo\u017enost str\u00e1vit dva t\u00fddny b\u011bhem \u0161estined\u011bl\u00ed se sv\u00fdm novorozencem, ani\u017e by si museli br\u00e1t klasickou dovolenou. Mohou toti\u017e vyu\u017e\u00edt d\u00e1vku z nemocensk\u00e9ho poji\u0161t\u011bn\u00ed, zn\u00e1mou jako otcovsk\u00e1 dovolen\u00e1. Jak\u00e1 je jej\u00ed d\u00e9lka a kdy se vypl\u00e1c\u00ed? To se dozv\u00edte v n\u00e1sleduj\u00edc\u00edch \u0159\u00e1dc\u00edch.<\/b><\/p>\n<div id=\"ez-toc-container\" class=\"ez-toc-v2_0_82_2 counter-hierarchy ez-toc-counter ez-toc-custom ez-toc-container-direction\">\n<p class=\"ez-toc-title\" style=\"cursor:inherit\">Obsah<\/p>\n<label for=\"ez-toc-cssicon-toggle-item-69f31edf75f99\" class=\"ez-toc-cssicon-toggle-label\"><span class=\"\"><span class=\"eztoc-hide\" style=\"display:none;\">Toggle<\/span><span class=\"ez-toc-icon-toggle-span\"><svg style=\"fill: #666666;color:#666666\" xmlns=\"http:\/\/www.w3.org\/2000\/svg\" class=\"list-377408\" width=\"20px\" height=\"20px\" viewBox=\"0 0 24 24\" fill=\"none\"><path d=\"M6 6H4v2h2V6zm14 0H8v2h12V6zM4 11h2v2H4v-2zm16 0H8v2h12v-2zM4 16h2v2H4v-2zm16 0H8v2h12v-2z\" fill=\"currentColor\"><\/path><\/svg><svg style=\"fill: #666666;color:#666666\" class=\"arrow-unsorted-368013\" xmlns=\"http:\/\/www.w3.org\/2000\/svg\" width=\"10px\" height=\"10px\" viewBox=\"0 0 24 24\" version=\"1.2\" baseProfile=\"tiny\"><path d=\"M18.2 9.3l-6.2-6.3-6.2 6.3c-.2.2-.3.4-.3.7s.1.5.3.7c.2.2.4.3.7.3h11c.3 0 .5-.1.7-.3.2-.2.3-.5.3-.7s-.1-.5-.3-.7zM5.8 14.7l6.2 6.3 6.2-6.3c.2-.2.3-.5.3-.7s-.1-.5-.3-.7c-.2-.2-.4-.3-.7-.3h-11c-.3 0-.5.1-.7.3-.2.2-.3.5-.3.7s.1.5.3.7z\"\/><\/svg><\/span><\/span><\/label><input type=\"checkbox\"  id=\"ez-toc-cssicon-toggle-item-69f31edf75f99\"  aria-label=\"Toggle\" \/><nav><ul class='ez-toc-list ez-toc-list-level-1 ' ><li class='ez-toc-page-1 ez-toc-heading-level-2'><a class=\"ez-toc-link ez-toc-heading-1\" href=\"https:\/\/orangeacademy.cz\/clanky\/otcovska-dovolena\/#Podminky_pro_cerpani_otcovske_dovolene\" >Podm\u00ednky pro \u010derp\u00e1n\u00ed otcovsk\u00e9 dovolen\u00e9<\/a><\/li><li class='ez-toc-page-1 ez-toc-heading-level-2'><a class=\"ez-toc-link ez-toc-heading-2\" href=\"https:\/\/orangeacademy.cz\/clanky\/otcovska-dovolena\/#Jak_dlouho_trva_otcovska_dovolena\" >Jak dlouho trv\u00e1 otcovsk\u00e1 dovolen\u00e1?<\/a><\/li><li class='ez-toc-page-1 ez-toc-heading-level-2'><a class=\"ez-toc-link ez-toc-heading-3\" href=\"https:\/\/orangeacademy.cz\/clanky\/otcovska-dovolena\/#Kdo_vyplaci_otcovskou_dovolenou\" >Kdo vypl\u00e1c\u00ed otcovskou dovolenou?<\/a><\/li><li class='ez-toc-page-1 ez-toc-heading-level-2'><a class=\"ez-toc-link ez-toc-heading-4\" href=\"https:\/\/orangeacademy.cz\/clanky\/otcovska-dovolena\/#Jak_je_placena_otcovska_dovolena\" >Jak je placen\u00e1 otcovsk\u00e1 dovolen\u00e1?<\/a><\/li><li class='ez-toc-page-1 ez-toc-heading-level-2'><a class=\"ez-toc-link ez-toc-heading-5\" href=\"https:\/\/orangeacademy.cz\/clanky\/otcovska-dovolena\/#Otcovska_dovolena_pro_OSVC\" >Otcovsk\u00e1 dovolen\u00e1 pro OSV\u010c<\/a><\/li><li class='ez-toc-page-1 ez-toc-heading-level-2'><a class=\"ez-toc-link ez-toc-heading-6\" href=\"https:\/\/orangeacademy.cz\/clanky\/otcovska-dovolena\/#Zadost_o_otcovskou\" >\u017d\u00e1dost o otcovskou<\/a><\/li><\/ul><\/nav><\/div>\n<h2><span class=\"ez-toc-section\" id=\"Podminky_pro_cerpani_otcovske_dovolene\"><\/span><span style=\"font-weight: 400;\">Podm\u00ednky pro \u010derp\u00e1n\u00ed otcovsk\u00e9 dovolen\u00e9<\/span><span class=\"ez-toc-section-end\"><\/span><\/h2>\n<p><span style=\"font-weight: 400;\">Otcovsk\u00e1 dovolen\u00e1 je ur\u010dena pro otce, kte\u0159\u00ed maj\u00ed mo\u017enost se pod\u00edlet v prvn\u00edch t\u00fddnech na p\u00e9\u010di o novorozence, ani\u017e by si museli br\u00e1t <a href=\"https:\/\/orangeacademy.cz\/clanky\/narozeni-ditete\/\" target=\"_blank\" rel=\"noopener\">klasickou dovolenou<\/a>. Zde jsou hlavn\u00ed podm\u00ednky pro \u010derp\u00e1n\u00ed otcovsk\u00e9 dovolen\u00e9:<\/span><\/p>\n<ol>\n<li style=\"font-weight: 400;\" aria-level=\"1\"><b>\u00da\u010dast na nemocensk\u00e9m poji\u0161t\u011bn\u00ed<\/b><span style=\"font-weight: 400;\">: Otec mus\u00ed b\u00fdt \u00fa\u010dastn\u00edkem nemocensk\u00e9ho poji\u0161t\u011bn\u00ed. To znamen\u00e1, \u017ee mus\u00ed b\u00fdt zam\u011bstnan\u00fd nebo mus\u00ed b\u00fdt osobou samostatn\u011b v\u00fdd\u011ble\u010dn\u011b \u010dinnou (OSV\u010c) s dobrovolnou \u00fa\u010dast\u00ed na nemocensk\u00e9m poji\u0161t\u011bn\u00ed alespo\u0148 po dobu 3 m\u011bs\u00edc\u016f p\u0159ed n\u00e1stupem na otcovskou dovolenou.<\/span><\/li>\n<li style=\"font-weight: 400;\" aria-level=\"1\"><b>Z\u00e1pis v rodn\u00e9m list\u011b d\u00edt\u011bte<\/b><span style=\"font-weight: 400;\">: Otec mus\u00ed b\u00fdt zaps\u00e1n v rodn\u00e9m list\u011b d\u00edt\u011bte. Nen\u00ed nutn\u00e9, aby byli s matkou d\u00edt\u011bte man\u017eel\u00e9.<\/span><\/li>\n<li style=\"font-weight: 400;\" aria-level=\"1\"><b>N\u00e1stup do 6 t\u00fddn\u016f od narozen\u00ed d\u00edt\u011bte<\/b><span style=\"font-weight: 400;\">: Otec mus\u00ed nastoupit na otcovskou dovolenou do 6 t\u00fddn\u016f od narozen\u00ed d\u00edt\u011bte. V p\u0159\u00edpad\u011b, \u017ee dojde k hospitalizaci d\u00edt\u011bte, lh\u016fta se prodlu\u017euje o dobu hospitalizace.<\/span><\/li>\n<li style=\"font-weight: 400;\" aria-level=\"1\"><b>D\u00e9lka otcovsk\u00e9 dovolen\u00e9<\/b><span style=\"font-weight: 400;\">: Otcovsk\u00e1 dovolen\u00e1 trv\u00e1 14 dn\u00ed a nelze ji p\u0159eru\u0161it ani rozd\u011blit.<\/span><\/li>\n<li style=\"font-weight: 400;\" aria-level=\"1\"><b>Z\u00e1kaz pr\u00e1ce b\u011bhem otcovsk\u00e9 dovolen\u00e9<\/b><span style=\"font-weight: 400;\">: B\u011bhem \u010derp\u00e1n\u00ed otcovsk\u00e9 dovolen\u00e9 nesm\u00ed otec vykon\u00e1vat \u017e\u00e1dnou v\u00fdd\u011ble\u010dnou \u010dinnost.<\/span><\/li>\n<li style=\"font-weight: 400;\" aria-level=\"1\"><b>N\u00e1hradn\u00ed rodi\u010de<\/b><span style=\"font-weight: 400;\">: N\u00e1rok na otcovskou dovolenou maj\u00ed tak\u00e9 n\u00e1hradn\u00ed rodi\u010de, kte\u0159\u00ed p\u0159evzali d\u00edt\u011b do p\u00e9\u010de nahrazuj\u00edc\u00ed p\u00e9\u010di rodi\u010d\u016f na z\u00e1klad\u011b rozhodnut\u00ed p\u0159\u00edslu\u0161n\u00e9ho org\u00e1nu, pokud d\u00edt\u011b ke dni p\u0159evzet\u00ed do p\u00e9\u010de nedos\u00e1hlo 7 let v\u011bku.<\/span><\/li>\n<\/ol>\n<h2><span class=\"ez-toc-section\" id=\"Jak_dlouho_trva_otcovska_dovolena\"><\/span><span style=\"font-weight: 400;\">Jak dlouho trv\u00e1 otcovsk\u00e1 dovolen\u00e1?<\/span><span class=\"ez-toc-section-end\"><\/span><\/h2>\n<p><span style=\"font-weight: 400;\">Otcovsk\u00e1 dovolen\u00e1 trv\u00e1 14 dn\u00ed. Tato doba je ur\u010dena k tomu, aby otec mohl pomoci <strong>s p\u00e9\u010d\u00ed o novorozen\u00e9 d\u00edt\u011b a podpo\u0159it matku v prvn\u00edch t\u00fddnech po porodu.<\/strong> Otcovsk\u00e1 dovolen\u00e1 mus\u00ed b\u00fdt \u010derp\u00e1na v obdob\u00ed \u0161esti t\u00fddn\u016f od narozen\u00ed d\u00edt\u011bte nebo jeho p\u0159evzet\u00ed do p\u00e9\u010de.<\/span><\/p>\n<h2><span class=\"ez-toc-section\" id=\"Kdo_vyplaci_otcovskou_dovolenou\"><\/span><span style=\"font-weight: 400;\">Kdo vypl\u00e1c\u00ed otcovskou dovolenou?<\/span><span class=\"ez-toc-section-end\"><\/span><\/h2>\n<p><span style=\"font-weight: 400;\">Otcovsk\u00e1 dovolen\u00e1 je d\u00e1vkou nemocensk\u00e9ho poji\u0161t\u011bn\u00ed, co\u017e znamen\u00e1, \u017ee b\u011bhem t\u00e9to doby otec dost\u00e1v\u00e1 finan\u010dn\u00ed podporu od st\u00e1tu. V\u00fd\u0161e d\u00e1vky se vypo\u010d\u00edt\u00e1v\u00e1 na z\u00e1klad\u011b denn\u00edho vym\u011b\u0159ovac\u00edho z\u00e1kladu otce, co\u017e je <strong>pr\u016fm\u011brn\u00fd denn\u00ed p\u0159\u00edjem za ur\u010dit\u00e9 obdob\u00ed p\u0159ed n\u00e1stupem na otcovskou dovolenou.<\/strong> Otcovsk\u00e1 dovolen\u00e1 je vypl\u00e1cena zam\u011bstnavatelem, kter\u00fd n\u00e1sledn\u011b \u017e\u00e1d\u00e1 o refundaci od \u010cesk\u00e9 spr\u00e1vy soci\u00e1ln\u00edho zabezpe\u010den\u00ed.<\/span><\/p>\n<span class='mb-center maxbutton-3-center'><span class='maxbutton-3-container mb-container'><a class=\"maxbutton-3 maxbutton maxbutton-rekvalifikacni-kurzy\" target=\"_blank\" title=\"Rekvalifika\u010dn\u00ed kurzy\" rel=\"noopener\" href=\"https:\/\/orangeacademy.cz\/rekvalifikacni-kurzy\"><span class='mb-text'>Pod\u00edvejte se na rekvalifika\u010dn\u00ed kurzy<\/span><\/a><\/span><\/span>\n<h2><span class=\"ez-toc-section\" id=\"Jak_je_placena_otcovska_dovolena\"><\/span><span style=\"font-weight: 400;\">Jak je placen\u00e1 otcovsk\u00e1 dovolen\u00e1?<\/span><span class=\"ez-toc-section-end\"><\/span><\/h2>\n<p><span style=\"font-weight: 400;\">Otcovsk\u00e1 dovolen\u00e1 je finan\u010dn\u011b podporov\u00e1na st\u00e1tem prost\u0159ednictv\u00edm<strong> d\u00e1vky nemocensk\u00e9ho poji\u0161t\u011bn\u00ed,<\/strong> zn\u00e1m\u00e9 jako otcovsk\u00e1 poporodn\u00ed p\u00e9\u010de. Otcovsk\u00e1 d\u00e1vka se vypo\u010d\u00edt\u00e1v\u00e1 na z\u00e1klad\u011b denn\u00edho vym\u011b\u0159ovac\u00edho z\u00e1kladu otce, co\u017e je pr\u016fm\u011brn\u00fd denn\u00ed p\u0159\u00edjem za ur\u010dit\u00e9 obdob\u00ed p\u0159ed n\u00e1stupem na otcovskou dovolenou. V\u00fd\u0161e d\u00e1vky \u010din\u00ed 70 % denn\u00edho vym\u011b\u0159ovac\u00edho z\u00e1kladu.<\/span><\/p>\n<h2><span class=\"ez-toc-section\" id=\"Otcovska_dovolena_pro_OSVC\"><\/span><span style=\"font-weight: 400;\">Otcovsk\u00e1 dovolen\u00e1 pro OSV\u010c<\/span><span class=\"ez-toc-section-end\"><\/span><\/h2>\n<p><span style=\"font-weight: 400;\">Osoby samostatn\u011b v\u00fdd\u011ble\u010dn\u011b \u010dinn\u00e9 (OSV\u010c) maj\u00ed tak\u00e9 n\u00e1rok na otcovskou dovolenou, pokud spln\u00ed ur\u010dit\u00e9 podm\u00ednky:<\/span><\/p>\n<h4>Podm\u00ednky pro \u010derp\u00e1n\u00ed otcovsk\u00e9 dovolen\u00e9 u OSV\u010c<\/h4>\n<ul>\n<li style=\"font-weight: 400;\" aria-level=\"1\"><b>Dobrovoln\u00e1 \u00fa\u010dast na nemocensk\u00e9m poji\u0161t\u011bn\u00ed<\/b><span style=\"font-weight: 400;\">: OSV\u010c mus\u00ed b\u00fdt dobrovoln\u011b <a href=\"https:\/\/orangeacademy.cz\/clanky\/dobrovolne-nemocenske-pojisteni-osvc\/\" target=\"_blank\" rel=\"noopener\">\u00fa\u010dastn\u00edkem nemocensk\u00e9ho poji\u0161t\u011bn\u00ed<\/a> alespo\u0148 po dobu 3 m\u011bs\u00edc\u016f bezprost\u0159edn\u011b p\u0159edch\u00e1zej\u00edc\u00edch dni n\u00e1stupu na otcovskou dovolenou.<\/span><\/li>\n<li style=\"font-weight: 400;\" aria-level=\"1\"><b>Dal\u0161\u00ed podm\u00ednky<\/b><span style=\"font-weight: 400;\">: stejn\u00e9 jako u zam\u011bstnan\u00e9ho otce.<\/span><\/li>\n<\/ul>\n<h3>V\u00fdpo\u010det otcovsk\u00e9 dovolen\u00e9 pro OSV\u010c<\/h3>\n<p><span style=\"font-weight: 400;\">V\u00fdpo\u010det otcovsk\u00e9 dovolen\u00e9 pro osoby samostatn\u011b v\u00fdd\u011ble\u010dn\u011b \u010dinn\u00e9 (OSV\u010c) se prov\u00e1d\u00ed na z\u00e1klad\u011b denn\u00edho vym\u011b\u0159ovac\u00edho z\u00e1kladu. Zde je postup, jak se v\u00fdpo\u010det prov\u00e1d\u00ed:<\/span><\/p>\n<ol>\n<li style=\"font-weight: 400;\" aria-level=\"1\"><b>Denn\u00ed vym\u011b\u0159ovac\u00ed z\u00e1klad<\/b><span style=\"font-weight: 400;\">: <\/span><span style=\"font-weight: 400;\">Denn\u00ed vym\u011b\u0159ovac\u00ed z\u00e1klad se vypo\u010d\u00edt\u00e1 jako pr\u016fm\u011brn\u00fd denn\u00ed p\u0159\u00edjem za ur\u010dit\u00e9 obdob\u00ed p\u0159ed n\u00e1stupem na otcovskou dovolenou. Pro OSV\u010c se tento z\u00e1klad obvykle po\u010d\u00edt\u00e1 z p\u0159\u00edjm\u016f dosa\u017een\u00fdch v p\u0159edchoz\u00edm roce.<\/span><\/li>\n<li style=\"font-weight: 400;\" aria-level=\"1\"><b>Redukce denn\u00edho vym\u011b\u0159ovac\u00edho z\u00e1kladu<\/b><span style=\"font-weight: 400;\">: <\/span><span style=\"font-weight: 400;\">Denn\u00ed vym\u011b\u0159ovac\u00ed z\u00e1klad se redukuje podle n\u00e1sleduj\u00edc\u00edch pravidel:<\/span>\n<ul>\n<li style=\"font-weight: 400;\" aria-level=\"3\"><span style=\"font-weight: 400;\">Z \u010d\u00e1stky do 1 552 K\u010d \u2013 100 %.<\/span><\/li>\n<li style=\"font-weight: 400;\" aria-level=\"3\"><span style=\"font-weight: 400;\">Z \u010d\u00e1stky od 1 552 K\u010d do 2 328 K\u010d \u2013 60 %.<\/span><\/li>\n<li style=\"font-weight: 400;\" aria-level=\"3\"><span style=\"font-weight: 400;\">Z \u010d\u00e1stky od 2 328 K\u010d do 4 656 K\u010d \u2013 30 %.<\/span><\/li>\n<li style=\"font-weight: 400;\" aria-level=\"3\"><span style=\"font-weight: 400;\">K \u010d\u00e1stce nad 4 656 K\u010d se nep\u0159ihl\u00ed\u017e\u00ed.<\/span><\/li>\n<\/ul>\n<\/li>\n<li style=\"font-weight: 400;\" aria-level=\"1\"><b>V\u00fdpo\u010det d\u00e1vky<\/b><span style=\"font-weight: 400;\">: <\/span><span style=\"font-weight: 400;\">V\u00fd\u0161e otcovsk\u00e9 d\u00e1vky \u010din\u00ed 70 % redukovan\u00e9ho denn\u00edho vym\u011b\u0159ovac\u00edho z\u00e1kladu za ka\u017ed\u00fd kalend\u00e1\u0159n\u00ed den otcovsk\u00e9 dovolen\u00e9.\u00a0<\/span><\/li>\n<\/ol>\n<div id=\"attachment_10174\" style=\"width: 940px\" class=\"wp-caption alignnone\"><img loading=\"lazy\" decoding=\"async\" aria-describedby=\"caption-attachment-10174\" class=\"wp-image-10174 size-large\" src=\"https:\/\/orangeacademy.cz\/clanky\/wp-content\/uploads\/2020\/08\/otcovska_dovolena-930x598.jpeg\" alt=\"otcovsk\u00e1 dovolen\u00e1\" width=\"930\" height=\"598\" \/><p id=\"caption-attachment-10174\" class=\"wp-caption-text\">Od ledna 2025 se v r\u00e1mci digitalizace nemocensk\u00fdch d\u00e1vek digitalizuje i otcovsk\u00e1 dovolen\u00e1.<\/p><\/div>\n<h4>P\u0159\u00edklad v\u00fdpo\u010dtu<\/h4>\n<ul>\n<li style=\"font-weight: 400;\" aria-level=\"1\"><span style=\"font-weight: 400;\">Denn\u00ed vym\u011b\u0159ovac\u00ed z\u00e1klad: 2.000 K\u010d<\/span><\/li>\n<li style=\"font-weight: 400;\" aria-level=\"1\"><span style=\"font-weight: 400;\">Redukce: 1.552 K\u010d (100 %) + 448 K\u010d (60 % z 748 K\u010d) = 1.552 K\u010d + 268,8 K\u010d = 1.820,8 K\u010d<\/span><\/li>\n<li style=\"font-weight: 400;\" aria-level=\"1\"><span style=\"font-weight: 400;\">V\u00fd\u0161e d\u00e1vky: 70 % z 1.820,8 K\u010d = 1.274,56 K\u010d za ka\u017ed\u00fd kalend\u00e1\u0159n\u00ed den<\/span><\/li>\n<\/ul>\n<h2><span class=\"ez-toc-section\" id=\"Zadost_o_otcovskou\"><\/span><span style=\"font-weight: 400;\">\u017d\u00e1dost o otcovskou<\/span><span class=\"ez-toc-section-end\"><\/span><\/h2>\n<p><span style=\"font-weight: 400;\">Od ledna 2025 se v r\u00e1mci digitalizace nemocensk\u00fdch d\u00e1vek digitalizuje i otcovsk\u00e1 dovolen\u00e1. L\u00e9ka\u0159i i zam\u011bstnavatel\u00e9 budou komunikovat se spr\u00e1vou soci\u00e1ln\u00edho zabezpe\u010den\u00ed elektronicky. \u017dadatel\u00e9 mohou sledovat stav sv\u00e9 \u017e\u00e1dosti na ePort\u00e1lu \u010cSSZ.<\/span><\/p>\n<ul>\n<li><b>Informov\u00e1n\u00ed zam\u011bstnavatele<\/b><span style=\"font-weight: 400;\">: <\/span>Zam\u011bstnanec informuje sv\u00e9ho zam\u011bstnavatele o pl\u00e1novan\u00e9m n\u00e1stupu na otcovskou dovolenou. Tato informace se pova\u017euje za \u017e\u00e1dost o d\u00e1vku a nen\u00ed t\u0159eba vypl\u0148ovat formul\u00e1\u0159. Uvede den n\u00e1stupu na otcovskou, d\u016fvod \u010derp\u00e1n\u00ed (narozen\u00ed d\u00edt\u011bte, p\u0159evzet\u00ed d\u00edt\u011bte do p\u00e9\u010de) a identifika\u010dn\u00ed \u00fadaje d\u00edt\u011bte. Pokud otec nenastupuje na otcovskou dovolenou b\u011bhem \u0161estined\u011bl\u00ed kv\u016fli hospitalizaci d\u00edt\u011bte nebo matky, p\u0159ed\u00e1 zpr\u00e1vu, kterou vystav\u00ed l\u00e9ka\u0159.<\/li>\n<li><b>\u017d\u00e1dost OSV\u010c<\/b><span style=\"font-weight: 400;\">: <\/span><span style=\"font-weight: 400;\">OSV\u010c pod\u00e1v\u00e1 \u017e\u00e1dost o otcovskou dovolenou prost\u0159ednictv\u00edm <a href=\"https:\/\/orangeacademy.cz\/clanky\/eneschopenka-zakladni-informace\/\" target=\"_blank\" rel=\"noopener\">ePort\u00e1lu \u010cSSZ.<\/a><\/span><\/li>\n<\/ul>\n<h3>Hospitalizace d\u00edt\u011bte nebo matky<\/h3>\n<p><span style=\"font-weight: 400;\">Pokud je d\u00edt\u011b nebo matka hospitalizov\u00e1no b\u011bhem prvn\u00edch 6 t\u00fddn\u016f po porodu, m\u016f\u017ee se n\u00e1stup na otcovskou dovolenou prodlou\u017eit o dobu str\u00e1venou v nemocnici. L\u00e9ka\u0159 vystav\u00ed \u201ePotvrzen\u00ed o hospitalizaci d\u00edt\u011bte ze zdravotn\u00edch d\u016fvod\u016f na stran\u011b d\u00edt\u011bte nebo matky d\u00edt\u011bte\u201c a vygeneruje identifik\u00e1tor ud\u00e1losti. Tento identifik\u00e1tor ode\u0161le spr\u00e1v\u011b soci\u00e1ln\u00edho zabezpe\u010den\u00ed pomoc\u00ed ePort\u00e1lu \u010cSSZ nebo aplikace a sd\u011bl\u00ed ho tak\u00e9 otci.<\/span><\/p>\n<ul>\n<li style=\"font-weight: 400;\" aria-level=\"1\"><b>Ov\u011b\u0159en\u00ed hospitalizace<\/b><span style=\"font-weight: 400;\">: <\/span><span style=\"font-weight: 400;\">Zam\u011bstnavatel m\u016f\u017ee pomoc\u00ed identifik\u00e1toru ov\u011b\u0159it skute\u010dnost hospitalizace na ePort\u00e1lu \u010cSSZ.<\/span><\/li>\n<li style=\"font-weight: 400;\" aria-level=\"1\"><b>Ozn\u00e1men\u00ed zam\u011bstnavatele<\/b><span style=\"font-weight: 400;\">: <\/span><span style=\"font-weight: 400;\">Po uplynut\u00ed podp\u016fr\u010d\u00ed doby (14 dn\u016f) zam\u011bstnavatel ode\u0161le spr\u00e1v\u011b soci\u00e1ln\u00edho zabezpe\u010den\u00ed p\u0159edepsan\u00fd tiskopis \u201eOzn\u00e1men\u00ed zam\u011bstnavatele o \u017e\u00e1dosti zam\u011bstnance o d\u00e1vku\u201c s \u00fadaji pot\u0159ebn\u00fdmi pro v\u00fdpo\u010det d\u00e1vky.<\/span><\/li>\n<li style=\"font-weight: 400;\" aria-level=\"1\"><b>V\u00fdpo\u010det a vypl\u00e1cen\u00ed d\u00e1vky<\/b><span style=\"font-weight: 400;\">: <\/span><span style=\"font-weight: 400;\">\u00dazemn\u00ed spr\u00e1va soci\u00e1ln\u00edho zabezpe\u010den\u00ed ov\u011b\u0159\u00ed n\u00e1rok na d\u00e1vku a spo\u010d\u00edt\u00e1 jej\u00ed v\u00fd\u0161i. Pot\u00e9 za\u010dne d\u00e1vku vypl\u00e1cet. <\/span><span style=\"font-weight: 400;\">D\u00e1vka se vypl\u00e1c\u00ed zp\u011btn\u011b. <strong>Lh\u016fta pro jej\u00ed vyplacen\u00ed je stanovena na 1 m\u011bs\u00edc od okam\u017eiku, kdy okresn\u00ed spr\u00e1va soci\u00e1ln\u00edho zabezpe\u010den\u00ed obdr\u017e\u00ed v\u0161echny pot\u0159ebn\u00e9 doklady k v\u00fdplat\u011b.<\/strong> <\/span><span style=\"font-weight: 400;\">M\u016f\u017eete si ji p\u0159edb\u011b\u017en\u011b spo\u010d\u00edtat zde: <a href=\"https:\/\/www.kurzy.cz\/kalkulacka\/otcovska\/\" target=\"_blank\" rel=\"noopener\">otcovsk\u00e1 dovolen\u00e1 kalkula\u010dka.<\/a><\/span><\/li>\n<\/ul>\n<p><span style=\"font-weight: 400;\">\u010cas str\u00e1ven\u00fd s novorozencem je nesm\u00edrn\u011b d\u016fle\u017eit\u00fd pro vytvo\u0159en\u00ed siln\u00e9ho pouta mezi rodi\u010di a d\u00edt\u011btem. Otcovsk\u00e1 dovolen\u00e1 umo\u017e\u0148uje otc\u016fm aktivn\u011b se zapojit do p\u00e9\u010de o d\u00edt\u011b a podporovat matku v prvn\u00edch t\u00fddnech po porodu. St\u00e1t tuto snahu podporuje t\u00edm, \u017ee <strong>poskytuje finan\u010dn\u00ed d\u00e1vku ve v\u00fd\u0161i 70 % denn\u00edho vym\u011b\u0159ovac\u00edho z\u00e1kladu,<\/strong> co\u017e umo\u017e\u0148uje otc\u016fm v\u011bnovat se rodin\u011b bez v\u00fdrazn\u00e9ho finan\u010dn\u00edho zat\u00ed\u017een\u00ed.<\/span><\/p>\n","protected":false},"excerpt":{"rendered":"<p>Tat\u00ednkov\u00e9 maj\u00ed mo\u017enost str\u00e1vit dva t\u00fddny b\u011bhem \u0161estined\u011bl\u00ed se sv\u00fdm novorozencem, ani\u017e by si museli br\u00e1t klasickou dovolenou. Mohou toti\u017e vyu\u017e\u00edt d\u00e1vku z nemocensk\u00e9ho poji\u0161t\u011bn\u00ed, zn\u00e1mou jako otcovsk\u00e1 dovolen\u00e1. Jak\u00e1 je jej\u00ed d\u00e9lka a kdy se vypl\u00e1c\u00ed? To se dozv\u00edte v n\u00e1sleduj\u00edc\u00edch \u0159\u00e1dc\u00edch. Podm\u00ednky pro \u010derp\u00e1n\u00ed otcovsk\u00e9 dovolen\u00e9 Otcovsk\u00e1 dovolen\u00e1 je ur\u010dena pro otce, kte\u0159\u00ed [&hellip;]<\/p>\n","protected":false},"author":14,"featured_media":2944,"comment_status":"open","ping_status":"open","sticky":false,"template":"","format":"standard","meta":{"_et_pb_use_builder":"","_et_pb_old_content":"","_et_gb_content_width":"","footnotes":""},"categories":[1,20],"tags":[166,64,171,310,44,38,7],"class_list":["post-2942","post","type-post","status-publish","format-standard","has-post-thumbnail","hentry","category-nezarazeno","category-prace-a-kariera","tag-finance","tag-materska-dovolena","tag-otcovska-dovolena","tag-penize","tag-rodicovska-dovolena","tag-rodicovsky-prispevek","tag-zivotni-zmena"],"yoast_head":"<!-- This site is optimized with the Yoast SEO plugin v27.5 - https:\/\/yoast.com\/product\/yoast-seo-wordpress\/ -->\n<title>Otcovsk\u00e1 dovolen\u00e1: Jak\u00e1 je jej\u00ed d\u00e9lka a kdy se vypl\u00e1c\u00ed?<\/title>\n<meta name=\"description\" content=\"Jste-li novopo\u010den\u00fdmi tat\u00ednky, p\u0159e\u010dt\u011bte si, jak dlouho budete moci b\u00fdt na otcovsk\u00e9 dovolen\u00e9, jak vysokou podporu z\u00edsk\u00e1te nebo kdy se vypl\u00e1c\u00ed.\" \/>\n<meta name=\"robots\" content=\"index, follow, max-snippet:-1, max-image-preview:large, max-video-preview:-1\" \/>\n<link rel=\"canonical\" href=\"https:\/\/orangeacademy.cz\/clanky\/otcovska-dovolena\/\" \/>\n<meta property=\"og:locale\" content=\"cs_CZ\" \/>\n<meta property=\"og:type\" content=\"article\" \/>\n<meta property=\"og:title\" content=\"Otcovsk\u00e1 dovolen\u00e1: Jak\u00e1 je jej\u00ed d\u00e9lka a kdy se vypl\u00e1c\u00ed?\" \/>\n<meta property=\"og:description\" content=\"Jste-li novopo\u010den\u00fdmi tat\u00ednky, p\u0159e\u010dt\u011bte si, jak dlouho budete moci b\u00fdt na otcovsk\u00e9 dovolen\u00e9, jak vysokou podporu z\u00edsk\u00e1te nebo kdy se vypl\u00e1c\u00ed.\" \/>\n<meta property=\"og:url\" content=\"https:\/\/orangeacademy.cz\/clanky\/otcovska-dovolena\/\" \/>\n<meta property=\"og:site_name\" content=\"Blog Orange Academy\" \/>\n<meta property=\"article:publisher\" content=\"https:\/\/www.facebook.com\/OrangeAcademy.sro\" \/>\n<meta property=\"article:published_time\" content=\"2025-02-10T07:20:24+00:00\" \/>\n<meta property=\"article:modified_time\" content=\"2025-02-21T10:20:13+00:00\" \/>\n<meta property=\"og:image\" content=\"https:\/\/orangeacademy.cz\/clanky\/wp-content\/uploads\/2020\/08\/otcovska_dovolena.jpg\" \/>\n\t<meta property=\"og:image:width\" content=\"1920\" \/>\n\t<meta property=\"og:image:height\" content=\"1279\" \/>\n\t<meta property=\"og:image:type\" content=\"image\/jpeg\" \/>\n<meta name=\"author\" content=\"Tereza Mal\u00edkov\u00e1\" \/>\n<meta name=\"twitter:card\" content=\"summary_large_image\" \/>\n<meta name=\"twitter:label1\" content=\"Napsal(a)\" \/>\n\t<meta name=\"twitter:data1\" content=\"Tereza Mal\u00edkov\u00e1\" \/>\n\t<meta name=\"twitter:label2\" content=\"Odhadovan\u00e1 doba \u010dten\u00ed\" \/>\n\t<meta name=\"twitter:data2\" content=\"6 minut\" \/>\n<!-- \/ Yoast SEO plugin. -->","yoast_head_json":{"title":"Otcovsk\u00e1 dovolen\u00e1: Jak\u00e1 je jej\u00ed d\u00e9lka a kdy se vypl\u00e1c\u00ed?","description":"Jste-li novopo\u010den\u00fdmi tat\u00ednky, p\u0159e\u010dt\u011bte si, jak dlouho budete moci b\u00fdt na otcovsk\u00e9 dovolen\u00e9, jak vysokou podporu z\u00edsk\u00e1te nebo kdy se vypl\u00e1c\u00ed.","robots":{"index":"index","follow":"follow","max-snippet":"max-snippet:-1","max-image-preview":"max-image-preview:large","max-video-preview":"max-video-preview:-1"},"canonical":"https:\/\/orangeacademy.cz\/clanky\/otcovska-dovolena\/","og_locale":"cs_CZ","og_type":"article","og_title":"Otcovsk\u00e1 dovolen\u00e1: Jak\u00e1 je jej\u00ed d\u00e9lka a kdy se vypl\u00e1c\u00ed?","og_description":"Jste-li novopo\u010den\u00fdmi tat\u00ednky, p\u0159e\u010dt\u011bte si, jak dlouho budete moci b\u00fdt na otcovsk\u00e9 dovolen\u00e9, jak vysokou podporu z\u00edsk\u00e1te nebo kdy se vypl\u00e1c\u00ed.","og_url":"https:\/\/orangeacademy.cz\/clanky\/otcovska-dovolena\/","og_site_name":"Blog Orange Academy","article_publisher":"https:\/\/www.facebook.com\/OrangeAcademy.sro","article_published_time":"2025-02-10T07:20:24+00:00","article_modified_time":"2025-02-21T10:20:13+00:00","og_image":[{"width":1920,"height":1279,"url":"https:\/\/orangeacademy.cz\/clanky\/wp-content\/uploads\/2020\/08\/otcovska_dovolena.jpg","type":"image\/jpeg"}],"author":"Tereza Mal\u00edkov\u00e1","twitter_card":"summary_large_image","twitter_misc":{"Napsal(a)":"Tereza Mal\u00edkov\u00e1","Odhadovan\u00e1 doba \u010dten\u00ed":"6 minut"},"schema":{"@context":"https:\/\/schema.org","@graph":[{"@type":"Article","@id":"https:\/\/orangeacademy.cz\/clanky\/otcovska-dovolena\/#article","isPartOf":{"@id":"https:\/\/orangeacademy.cz\/clanky\/otcovska-dovolena\/"},"author":{"name":"Tereza Mal\u00edkov\u00e1","@id":"https:\/\/orangeacademy.cz\/clanky\/#\/schema\/person\/4ffd8469465f64a0746bdedcf094510e"},"headline":"Otcovsk\u00e1 dovolen\u00e1: Jak\u00e1 je jej\u00ed d\u00e9lka a kdy se vypl\u00e1c\u00ed?","datePublished":"2025-02-10T07:20:24+00:00","dateModified":"2025-02-21T10:20:13+00:00","mainEntityOfPage":{"@id":"https:\/\/orangeacademy.cz\/clanky\/otcovska-dovolena\/"},"wordCount":1385,"commentCount":0,"image":{"@id":"https:\/\/orangeacademy.cz\/clanky\/otcovska-dovolena\/#primaryimage"},"thumbnailUrl":"https:\/\/orangeacademy.cz\/clanky\/wp-content\/uploads\/2020\/08\/otcovska_dovolena.jpg","keywords":["Finance","Mate\u0159sk\u00e1 dovolen\u00e1","Otcovsk\u00e1 dovolen\u00e1","pen\u00edze","rodi\u010dovsk\u00e1 dovolen\u00e1","Rodi\u010dovsk\u00fd p\u0159\u00edsp\u011bvek","\u017divotn\u00ed zm\u011bna"],"articleSection":["Neza\u0159azeno","Pr\u00e1ce a kari\u00e9ra"],"inLanguage":"cs","potentialAction":[{"@type":"CommentAction","name":"Comment","target":["https:\/\/orangeacademy.cz\/clanky\/otcovska-dovolena\/#respond"]}]},{"@type":"WebPage","@id":"https:\/\/orangeacademy.cz\/clanky\/otcovska-dovolena\/","url":"https:\/\/orangeacademy.cz\/clanky\/otcovska-dovolena\/","name":"Otcovsk\u00e1 dovolen\u00e1: Jak\u00e1 je jej\u00ed d\u00e9lka a kdy se vypl\u00e1c\u00ed?","isPartOf":{"@id":"https:\/\/orangeacademy.cz\/clanky\/#website"},"primaryImageOfPage":{"@id":"https:\/\/orangeacademy.cz\/clanky\/otcovska-dovolena\/#primaryimage"},"image":{"@id":"https:\/\/orangeacademy.cz\/clanky\/otcovska-dovolena\/#primaryimage"},"thumbnailUrl":"https:\/\/orangeacademy.cz\/clanky\/wp-content\/uploads\/2020\/08\/otcovska_dovolena.jpg","datePublished":"2025-02-10T07:20:24+00:00","dateModified":"2025-02-21T10:20:13+00:00","author":{"@id":"https:\/\/orangeacademy.cz\/clanky\/#\/schema\/person\/4ffd8469465f64a0746bdedcf094510e"},"description":"Jste-li novopo\u010den\u00fdmi tat\u00ednky, p\u0159e\u010dt\u011bte si, jak dlouho budete moci b\u00fdt na otcovsk\u00e9 dovolen\u00e9, jak vysokou podporu z\u00edsk\u00e1te nebo kdy se vypl\u00e1c\u00ed.","breadcrumb":{"@id":"https:\/\/orangeacademy.cz\/clanky\/otcovska-dovolena\/#breadcrumb"},"inLanguage":"cs","potentialAction":[{"@type":"ReadAction","target":["https:\/\/orangeacademy.cz\/clanky\/otcovska-dovolena\/"]}]},{"@type":"ImageObject","inLanguage":"cs","@id":"https:\/\/orangeacademy.cz\/clanky\/otcovska-dovolena\/#primaryimage","url":"https:\/\/orangeacademy.cz\/clanky\/wp-content\/uploads\/2020\/08\/otcovska_dovolena.jpg","contentUrl":"https:\/\/orangeacademy.cz\/clanky\/wp-content\/uploads\/2020\/08\/otcovska_dovolena.jpg","width":1920,"height":1279,"caption":"Otcovsk\u00e1 dovolen\u00e1: Jak\u00e1 je jej\u00ed d\u00e9lka a kdy se vypl\u00e1c\u00ed?"},{"@type":"BreadcrumbList","@id":"https:\/\/orangeacademy.cz\/clanky\/otcovska-dovolena\/#breadcrumb","itemListElement":[{"@type":"ListItem","position":1,"name":"Home","item":"https:\/\/orangeacademy.cz\/clanky\/"},{"@type":"ListItem","position":2,"name":"Otcovsk\u00e1 dovolen\u00e1: Jak\u00e1 je jej\u00ed d\u00e9lka a kdy se vypl\u00e1c\u00ed?"}]},{"@type":"WebSite","@id":"https:\/\/orangeacademy.cz\/clanky\/#website","url":"https:\/\/orangeacademy.cz\/clanky\/","name":"Blog Orange Academy","description":"Kurzy, rekvalifikace, lep\u0161\u00ed pr\u00e1ce i \u017eivot","potentialAction":[{"@type":"SearchAction","target":{"@type":"EntryPoint","urlTemplate":"https:\/\/orangeacademy.cz\/clanky\/?s={search_term_string}"},"query-input":{"@type":"PropertyValueSpecification","valueRequired":true,"valueName":"search_term_string"}}],"inLanguage":"cs"},{"@type":"Person","@id":"https:\/\/orangeacademy.cz\/clanky\/#\/schema\/person\/4ffd8469465f64a0746bdedcf094510e","name":"Tereza Mal\u00edkov\u00e1","image":{"@type":"ImageObject","inLanguage":"cs","@id":"https:\/\/secure.gravatar.com\/avatar\/0428bf3da72e3ab3df79c9f2997f275a3d67911de1bb6f0e1f4b4ab2f1fa68b9?s=96&d=wavatar&r=g","url":"https:\/\/secure.gravatar.com\/avatar\/0428bf3da72e3ab3df79c9f2997f275a3d67911de1bb6f0e1f4b4ab2f1fa68b9?s=96&d=wavatar&r=g","contentUrl":"https:\/\/secure.gravatar.com\/avatar\/0428bf3da72e3ab3df79c9f2997f275a3d67911de1bb6f0e1f4b4ab2f1fa68b9?s=96&d=wavatar&r=g","caption":"Tereza Mal\u00edkov\u00e1"},"url":"https:\/\/orangeacademy.cz\/clanky\/author\/drbohlavova\/"}]}},"_links":{"self":[{"href":"https:\/\/orangeacademy.cz\/clanky\/wp-json\/wp\/v2\/posts\/2942","targetHints":{"allow":["GET"]}}],"collection":[{"href":"https:\/\/orangeacademy.cz\/clanky\/wp-json\/wp\/v2\/posts"}],"about":[{"href":"https:\/\/orangeacademy.cz\/clanky\/wp-json\/wp\/v2\/types\/post"}],"author":[{"embeddable":true,"href":"https:\/\/orangeacademy.cz\/clanky\/wp-json\/wp\/v2\/users\/14"}],"replies":[{"embeddable":true,"href":"https:\/\/orangeacademy.cz\/clanky\/wp-json\/wp\/v2\/comments?post=2942"}],"version-history":[{"count":9,"href":"https:\/\/orangeacademy.cz\/clanky\/wp-json\/wp\/v2\/posts\/2942\/revisions"}],"predecessor-version":[{"id":10195,"href":"https:\/\/orangeacademy.cz\/clanky\/wp-json\/wp\/v2\/posts\/2942\/revisions\/10195"}],"wp:featuredmedia":[{"embeddable":true,"href":"https:\/\/orangeacademy.cz\/clanky\/wp-json\/wp\/v2\/media\/2944"}],"wp:attachment":[{"href":"https:\/\/orangeacademy.cz\/clanky\/wp-json\/wp\/v2\/media?parent=2942"}],"wp:term":[{"taxonomy":"category","embeddable":true,"href":"https:\/\/orangeacademy.cz\/clanky\/wp-json\/wp\/v2\/categories?post=2942"},{"taxonomy":"post_tag","embeddable":true,"href":"https:\/\/orangeacademy.cz\/clanky\/wp-json\/wp\/v2\/tags?post=2942"}],"curies":[{"name":"wp","href":"https:\/\/api.w.org\/{rel}","templated":true}]}}