{"id":2486,"date":"2020-06-09T11:52:44","date_gmt":"2020-06-09T09:52:44","guid":{"rendered":"https:\/\/orangeacademy.cz\/clanky\/?p=2486"},"modified":"2020-06-17T16:41:43","modified_gmt":"2020-06-17T14:41:43","slug":"rekvalifikacni-kurz-mzdove-ucetnictvi-7-dil","status":"publish","type":"post","link":"https:\/\/orangeacademy.cz\/clanky\/rekvalifikacni-kurz-mzdove-ucetnictvi-7-dil\/","title":{"rendered":"Chod\u00edm na rekvalifika\u010dn\u00ed kurz \u201eMzdov\u00e9 \u00fa\u010detnictv\u00ed se z\u00e1klady personalistiky\u201c 7. d\u00edl (opakov\u00e1n\u00ed)"},"content":{"rendered":"<p><strong>OSOBN\u00cd ZKU\u0160ENOST Uteklo to neskute\u010dn\u011b, i p\u0159es karant\u00e9nu a koronavirus. T\u011b\u017eko \u0159\u00edct, jestli \u010das z\u00edskan\u00fd nav\u00edc byl ku prosp\u011bchu \u010di nikoliv. To uk\u00e1\u017ee a\u017e \u010das\u2026 Respektive z\u00e1v\u011bre\u010dn\u00e1 zkou\u0161ka m\u011b \u010dek\u00e1 p\u0159\u00ed\u0161t\u00ed t\u00fdden. Nicm\u00e9n\u011b sedm\u00e1 lekce kurzu byla p\u0159edev\u0161\u00edm o opakov\u00e1n\u00ed.<\/strong><\/p>\n<p><em>! Jestli\u017ee \u010dtete tento d\u00edl jako prvn\u00ed, nezapome\u0148te i na ty p\u0159edchoz\u00ed, a\u0165 si ud\u011bl\u00e1te ucelen\u00fd obr\u00e1zek o tom, co v\u00e1s bude na kurzu \u010dekat. <\/em><\/p>\n<p>Jen zm\u00edn\u00edm hlavn\u00ed pointu. Kurz \u201eMzdov\u00e9 \u00fa\u010detnictv\u00ed se z\u00e1klady personalistiky\u201c absolvuji proto, abych v\u00e1m co nejv\u00edce p\u0159ibl\u00ed\u017eila pr\u016fb\u011bh rekvalifikace. Nena\u0161la jsem lep\u0161\u00ed zp\u016fsob, ne\u017e se sama p\u0159\u00edmo z\u00fa\u010dastnit. \ud83d\ude42<\/p>\n<p>Ono zven\u010d\u00ed vypad\u00e1 v\u0161e jinak, ne\u017e kdy\u017e kurz sami na vlastn\u00ed k\u016f\u017ei absolvujete. Proto vlastn\u00ed zku\u0161enost nejv\u00edce vypov\u00edd\u00e1 o tom, <strong>jak rekvalifika\u010dn\u00ed kurzy skute\u010dn\u011b prob\u00edhaj\u00ed<\/strong>, jak moc jsou obt\u00ed\u017en\u00e9 a jak vypad\u00e1 z\u00e1v\u011bre\u010dn\u00e1 zkou\u0161ka.<\/p>\n<h2><strong>P\u0159e\u010dt\u011bte si, jak prob\u00edhali p\u0159edchoz\u00ed lekce<\/strong><\/h2>\n<p>\u201e<a href=\"https:\/\/orangeacademy.cz\/clanky\/rekvalifikacni-kurz-mzdove-ucetnictvi-1-dil\/\">Chod\u00edm na rekvalifika\u010dn\u00ed kurz Mzdov\u00e9 \u00fa\u010detnictv\u00ed se z\u00e1klady personalistiky 1. d\u00edl<\/a>.\u201c<\/p>\n<p>\u201e<a href=\"https:\/\/orangeacademy.cz\/clanky\/rekvalifikacni-kurz-mzdove-ucetnictvi-2-dil\/\">Chod\u00edm na rekvalifika\u010dn\u00ed kurz Mzdov\u00e9 \u00fa\u010detnictv\u00ed se z\u00e1klady personalistiky 2. d\u00edl<\/a>.\u201c<\/p>\n<p>\u201e<a href=\"https:\/\/orangeacademy.cz\/clanky\/rekvalifikacni-kurz-mzdove-ucetnictvi-3-dil\/\">Chod\u00edm na rekvalifika\u010dn\u00ed kurz Mzdov\u00e9 \u00fa\u010detnictv\u00ed se z\u00e1klady personalistiky 3. d\u00edl<\/a>.\u201c<\/p>\n<p>\u201e<a href=\"https:\/\/orangeacademy.cz\/clanky\/rekvalifikacni-kurz-mzdove-ucetnictvi-4-dil\/\">Chod\u00edm na rekvalifika\u010dn\u00ed kurz Mzdov\u00e9 \u00fa\u010detnictv\u00ed se z\u00e1klady personalistiky 4. d\u00edl<\/a>.\u201c<\/p>\n<p>\u201e<a href=\"https:\/\/orangeacademy.cz\/clanky\/rekvalifikacni-kurz-mzdove-ucetnictvi-5-dil\/\">Chod\u00edm na rekvalifika\u010dn\u00ed kurz Mzdov\u00e9 \u00fa\u010detnictv\u00ed se z\u00e1klady personalistiky 5. d\u00edl<\/a>.\u201c<\/p>\n<p>\u201e<a href=\"https:\/\/orangeacademy.cz\/clanky\/rekvalifikacni-kurz-mzdove-ucetnictvi-6-dil\/\">Chod\u00edm na rekvalifika\u010dn\u00ed kurz Mzdov\u00e9 \u00fa\u010detnictv\u00ed se z\u00e1klady personalistiky 6. d\u00edl<\/a>\u201c<\/p>\n<h2><strong>Kurz \u00fa\u010detnictv\u00ed jsem si vy\u0159\u00eddila p\u0159es dotace POVEZ II<\/strong><\/h2>\n<p>Po\u0159\u00e1d plat\u00ed, \u017ee m\u016f\u017eete vyu\u017e\u00edt dota\u010dn\u00edho programu POVEZ II. Je ur\u010den\u00fd v\u0161em osob\u00e1m, kter\u00e9 podnikaj\u00ed jako osoby samostatn\u011b v\u00fdd\u011ble\u010dn\u011b \u010dinn\u00e9 (OSV\u010c) nebo jsou zam\u011bstnan\u00ed. <strong>Tady v\u0161ak pozor, je nutn\u00e1 sou\u010dinnost se zam\u011bstnavatelem! <\/strong><\/p>\n<p>A o co se p\u0159esn\u011b jedn\u00e1? V\u011bt\u0161ina lid\u00ed zn\u00e1 sp\u00ed\u0161e vy\u0159\u00edzen\u00ed rekvalifikace p\u0159es \u00fa\u0159ad pr\u00e1ce. Ta je ur\u010dena p\u0159\u00edmo pro ty, kte\u0159\u00ed nemaj\u00ed aktu\u00e1ln\u011b \u017e\u00e1dn\u00e9 zam\u011bstn\u00e1n\u00ed, tedy jsou na \u00daP v\u00a0evidenci jako uchaze\u010di o novou pr\u00e1ci. <a href=\"https:\/\/povez.uradprace.cz\/\">Dotace POVEZ II<\/a>\u00a0ale spo\u010d\u00edv\u00e1 \u00fapln\u011b v\u00a0n\u011b\u010dem jin\u00e9m. <strong>Vedeni na \u201eprac\u00e1ku\u201c opravdu b\u00fdt nemus\u00edte<\/strong>. Kdy\u017e to zjednodu\u0161\u00edm, tak se jedn\u00e1 o dotace na I\u010c (identifika\u010dn\u00ed \u010d\u00edslo pro podnikatele).<\/p>\n<p>Projekt je ur\u010den pro zam\u011bstnavatele a jejich zam\u011bstnance, OSV\u010c z cel\u00e9 \u010cR mimo s\u00eddlo hl. m\u011bsta Prahy.\u00a0V\u00edce informac\u00ed najdete v\u00a0\u010dl\u00e1nku <a href=\"https:\/\/orangeacademy.cz\/clanky\/rekvalifikacni-kurzy-povez-ii\/\" target=\"_blank\" rel=\"noopener noreferrer\">Rekvalifika\u010dn\u00ed kurzy pro OSV\u010c a zam\u011bstnance POVEZ II<\/a>.<\/p>\n<p><img loading=\"lazy\" decoding=\"async\" class=\"alignnone size-full wp-image-2496\" src=\"https:\/\/orangeacademy.cz\/clanky\/wp-content\/uploads\/2020\/06\/rekvalifikacni-kurz-mzdove-ucetnictvi-opakovani.jpg\" alt=\"rekvalifika\u010dn\u00ed kurz \u00fa\u010detnictv\u00ed\" width=\"640\" height=\"480\" srcset=\"https:\/\/orangeacademy.cz\/clanky\/wp-content\/uploads\/2020\/06\/rekvalifikacni-kurz-mzdove-ucetnictvi-opakovani.jpg 640w, https:\/\/orangeacademy.cz\/clanky\/wp-content\/uploads\/2020\/06\/rekvalifikacni-kurz-mzdove-ucetnictvi-opakovani-480x360.jpg 480w\" sizes=\"(min-width: 0px) and (max-width: 480px) 480px, (min-width: 481px) 640px, 100vw\" \/><\/p>\n<h2>7. lekce kurzu mzdov\u00e9ho \u00fa\u010detnictv\u00ed slou\u017eila k opakov\u00e1n\u00ed<\/h2>\n<p>P\u0159edm\u011btem v\u00fduky 7. lekce bylo n\u00e1sleduj\u00edc\u00ed:<\/p>\n<ul>\n<li>kontrola dom\u00e1c\u00edho \u00fakolu,<\/li>\n<li>cestovn\u00ed n\u00e1hrady \u2013 p\u0159\u00edklad,<\/li>\n<li>pracovn\u00ed \u00farazy \u2013 p\u0159\u00edklad,<\/li>\n<li>shrnut\u00ed kurzu,<\/li>\n<li>test \u201ero\u010dn\u00ed z\u00fa\u010dtov\u00e1n\u00ed,\u201c<\/li>\n<li>opakovac\u00ed p\u0159\u00edklady.<\/li>\n<\/ul>\n<p>Vzhledem k\u00a0tomu, \u017ee <strong>byl kurz na n\u011bjakou dobu p\u0159eru\u0161en\u00fd<\/strong> z d\u016fvodu vl\u00e1dn\u00edho na\u0159\u00edzen\u00ed skrz koronavirus, musela vzd\u011bl\u00e1vac\u00ed spole\u010dnost Orange Academy s.r.o. splnit ur\u010dit\u00e9 podm\u00ednky, aby mohl <a href=\"https:\/\/orangeacademy.cz\/rekvalifikacni-kurzy\" target=\"_blank\" rel=\"noopener noreferrer\">rekvalifika\u010dn\u00ed kurz<\/a> nad\u00e1le prob\u00edhat.<\/p>\n<h2>Jestli\u017ee se ob\u00e1v\u00e1te o svou bezpe\u010dnost, tak opravdu nemus\u00edte<\/h2>\n<p>Kurz v Brn\u011b prob\u00edh\u00e1 v budov\u011b St\u0159edn\u00ed pr\u016fmyslov\u00e9 \u0161koly stavebn\u00ed, na adrese Kudelova 8.<\/p>\n<blockquote><p>Ihned po vstupu do budovy m\u00e1te k\u00a0dispozici dezinfekci a jednor\u00e1zov\u00e9 pap\u00edrov\u00e9 ubrousky. T\u0159\u00eddy jsou rozd\u011bleny tak, aby v\u00a0ka\u017ed\u00e9 skupin\u011b bylo <strong>maxim\u00e1ln\u011b 15 \u00fa\u010dastn\u00edk\u016f<\/strong> kurzu. V\u00a0lavici sed\u00edte po jednom. Dezinfekce je p\u0159ipevn\u011bna i u umyvadla na v\u0161ech toalet\u00e1ch. Jinak v\u00fduka prob\u00edh\u00e1 klasicky.<\/p><\/blockquote>\n<p>Z\u00a0d\u016fvodu rozd\u011blen\u00ed v\u011bt\u0161\u00edch skupin jsem si zvolila u\u010debnu s\u00a0jinou lektorkou. Jednu t\u0159\u00eddu u\u010dila Michaela Pr\u00e1tov\u00e1, druhou Irena Vetch\u00e1. Pan\u00ed Vetchou jsem si vybrala \u00famysln\u011b, <strong>zaj\u00edmalo m\u011b, zda bude l\u00e1tku vysv\u011btlovat stejn\u011b tak dob\u0159e,<\/strong> jako pan\u00ed Pr\u00e1tov\u00e1, kter\u00e1 n\u00e1s prov\u00e1zela cel\u00fdm <a href=\"https:\/\/orangeacademy.cz\/kurzy-ucetnictvi\/rekvalifikacni-kurz-mzdove-ucetnictvi\" target=\"_blank\" rel=\"noopener noreferrer\">kurzem mzdov\u00e9ho \u00fa\u010detnictv\u00ed<\/a>.<\/p>\n<p><iframe loading=\"lazy\" title=\"Pozv\u00e1nka na kurz Mzdov\u00e9 \u00fa\u010detnictv\u00ed se z\u00e1klady personalistiky | Orange Academy\" width=\"1080\" height=\"608\" src=\"https:\/\/www.youtube.com\/embed\/JTF9v_xdmr0?feature=oembed\"  allow=\"accelerometer; autoplay; clipboard-write; encrypted-media; gyroscope; picture-in-picture; web-share\" allowfullscreen><\/iframe><\/p>\n<h2>Opakov\u00e1n\u00ed na kurzu \u00fa\u010detnictv\u00ed m\u011b nezklamalo<\/h2>\n<p>Naopak, d\u00edky opakov\u00e1n\u00ed jsem si v\u0161e ujasnila a ukotvila v\u00a0hlav\u011b dosavadn\u00ed znalosti. Po skon\u010den\u00ed sobotn\u00ed lekce jsem odch\u00e1zela s\u00a0dobr\u00fdm pocitem, \u017ee <strong>jsem na zkou\u0161ku dostate\u010dn\u011b p\u0159ipraven\u00e1<\/strong>. Tak\u00e9 po opakovac\u00ed lekci jsme dostali posledn\u00ed dom\u00e1c\u00ed \u00fakol k\u00a0procvi\u010dov\u00e1n\u00ed.<\/p>\n<p>A te\u010f u\u017e jen zkou\u0161ka p\u0159\u00ed\u0161t\u00ed t\u00fdden, tak mi dr\u017ete palce!<\/p>\n<p><strong>Shrnut\u00ed:<\/strong><\/p>\n<p>Pokud se hodl\u00e1te n\u011bjak\u00e9 lekce vzd\u00e1t a d\u00e1t p\u0159ednost jin\u00e9mu sobotn\u00edmu programu &#8211; nevad\u00ed to. Nicm\u00e9n\u011b ur\u010dit\u011b doporu\u010duji absolvovat sedmou lekci, kter\u00e1 je cel\u00e1 v\u011bnov\u00e1na opakov\u00e1n\u00ed. Budete se c\u00edtit <strong>jist\u011bj\u0161\u00ed a sebev\u011bdom\u011bj\u0161\u00ed.<\/strong> P\u0159ed samotnou zkou\u0161kou nebudete tolik nerv\u00f3zn\u00ed. Nav\u00edc se b\u011bhem opakov\u00e1n\u00ed m\u016f\u017eete je\u0161t\u011b na cokoliv zeptat a ujasnit si v\u011bci, kter\u00e9 v\u00e1m d\u011blaj\u00ed probl\u00e9my.<\/p>\n","protected":false},"excerpt":{"rendered":"<p>OSOBN\u00cd ZKU\u0160ENOST Uteklo to neskute\u010dn\u011b, i p\u0159es karant\u00e9nu a koronavirus. T\u011b\u017eko \u0159\u00edct, jestli \u010das z\u00edskan\u00fd nav\u00edc byl ku prosp\u011bchu \u010di nikoliv. To uk\u00e1\u017ee a\u017e \u010das\u2026 Respektive z\u00e1v\u011bre\u010dn\u00e1 zkou\u0161ka m\u011b \u010dek\u00e1 p\u0159\u00ed\u0161t\u00ed t\u00fdden. Nicm\u00e9n\u011b sedm\u00e1 lekce kurzu byla p\u0159edev\u0161\u00edm o opakov\u00e1n\u00ed. ! Jestli\u017ee \u010dtete tento d\u00edl jako prvn\u00ed, nezapome\u0148te i na ty p\u0159edchoz\u00ed, a\u0165 si ud\u011bl\u00e1te [&hellip;]<\/p>\n","protected":false},"author":8,"featured_media":2488,"comment_status":"open","ping_status":"open","sticky":false,"template":"","format":"standard","meta":{"_et_pb_use_builder":"","_et_pb_old_content":"","_et_gb_content_width":"","footnotes":""},"categories":[14,9],"tags":[32,17,8],"class_list":["post-2486","post","type-post","status-publish","format-standard","has-post-thumbnail","hentry","category-ucetnictvi-a-dane","category-vzdelavani","tag-rekvalifikace","tag-ucetnictvi","tag-vzdelavani"],"yoast_head":"<!-- This site is optimized with the Yoast SEO plugin v27.5 - https:\/\/yoast.com\/product\/yoast-seo-wordpress\/ -->\n<title>Chod\u00edm na rekvalifika\u010dn\u00ed kurz \u201eMzdov\u00e9 \u00fa\u010detnictv\u00ed se z\u00e1klady personalistiky\u201c 7. d\u00edl (opakov\u00e1n\u00ed)<\/title>\n<meta name=\"description\" content=\"Uteklo to neskute\u010dn\u011b, i p\u0159es karant\u00e9nu a koronavirus. T\u011b\u017eko \u0159\u00edct, jestli \u010das nav\u00edc byl ku prosp\u011bchu. Sedm\u00e1 lekce kurzu byla p\u0159edev\u0161\u00edm o opakov\u00e1n\u00ed.\" \/>\n<meta name=\"robots\" content=\"index, follow, max-snippet:-1, max-image-preview:large, max-video-preview:-1\" \/>\n<link rel=\"canonical\" href=\"https:\/\/orangeacademy.cz\/clanky\/rekvalifikacni-kurz-mzdove-ucetnictvi-7-dil\/\" \/>\n<meta property=\"og:locale\" content=\"cs_CZ\" \/>\n<meta property=\"og:type\" content=\"article\" \/>\n<meta property=\"og:title\" content=\"Chod\u00edm na rekvalifika\u010dn\u00ed kurz \u201eMzdov\u00e9 \u00fa\u010detnictv\u00ed se z\u00e1klady personalistiky\u201c 7. d\u00edl (opakov\u00e1n\u00ed)\" \/>\n<meta property=\"og:description\" content=\"Uteklo to neskute\u010dn\u011b, i p\u0159es karant\u00e9nu a koronavirus. T\u011b\u017eko \u0159\u00edct, jestli \u010das nav\u00edc byl ku prosp\u011bchu. Sedm\u00e1 lekce kurzu byla p\u0159edev\u0161\u00edm o opakov\u00e1n\u00ed.\" \/>\n<meta property=\"og:url\" content=\"https:\/\/orangeacademy.cz\/clanky\/rekvalifikacni-kurz-mzdove-ucetnictvi-7-dil\/\" \/>\n<meta property=\"og:site_name\" content=\"Blog Orange Academy\" \/>\n<meta property=\"article:publisher\" content=\"https:\/\/www.facebook.com\/OrangeAcademy.sro\" \/>\n<meta property=\"article:published_time\" content=\"2020-06-09T09:52:44+00:00\" \/>\n<meta property=\"article:modified_time\" content=\"2020-06-17T14:41:43+00:00\" \/>\n<meta property=\"og:image\" content=\"https:\/\/orangeacademy.cz\/clanky\/wp-content\/uploads\/2020\/06\/rekvalifikacni-kurz-mzdove-ucetnictvi-7-dil.jpg\" \/>\n\t<meta property=\"og:image:width\" content=\"640\" \/>\n\t<meta property=\"og:image:height\" content=\"494\" \/>\n\t<meta property=\"og:image:type\" content=\"image\/jpeg\" \/>\n<meta name=\"author\" content=\"Zuzana Kl\u00edmov\u00e1\" \/>\n<meta name=\"twitter:card\" content=\"summary_large_image\" \/>\n<meta name=\"twitter:label1\" content=\"Napsal(a)\" \/>\n\t<meta name=\"twitter:data1\" content=\"Zuzana Kl\u00edmov\u00e1\" \/>\n\t<meta name=\"twitter:label2\" content=\"Odhadovan\u00e1 doba \u010dten\u00ed\" \/>\n\t<meta name=\"twitter:data2\" content=\"4 minuty\" \/>\n<!-- \/ Yoast SEO plugin. -->","yoast_head_json":{"title":"Chod\u00edm na rekvalifika\u010dn\u00ed kurz \u201eMzdov\u00e9 \u00fa\u010detnictv\u00ed se z\u00e1klady personalistiky\u201c 7. d\u00edl (opakov\u00e1n\u00ed)","description":"Uteklo to neskute\u010dn\u011b, i p\u0159es karant\u00e9nu a koronavirus. T\u011b\u017eko \u0159\u00edct, jestli \u010das nav\u00edc byl ku prosp\u011bchu. Sedm\u00e1 lekce kurzu byla p\u0159edev\u0161\u00edm o opakov\u00e1n\u00ed.","robots":{"index":"index","follow":"follow","max-snippet":"max-snippet:-1","max-image-preview":"max-image-preview:large","max-video-preview":"max-video-preview:-1"},"canonical":"https:\/\/orangeacademy.cz\/clanky\/rekvalifikacni-kurz-mzdove-ucetnictvi-7-dil\/","og_locale":"cs_CZ","og_type":"article","og_title":"Chod\u00edm na rekvalifika\u010dn\u00ed kurz \u201eMzdov\u00e9 \u00fa\u010detnictv\u00ed se z\u00e1klady personalistiky\u201c 7. d\u00edl (opakov\u00e1n\u00ed)","og_description":"Uteklo to neskute\u010dn\u011b, i p\u0159es karant\u00e9nu a koronavirus. T\u011b\u017eko \u0159\u00edct, jestli \u010das nav\u00edc byl ku prosp\u011bchu. Sedm\u00e1 lekce kurzu byla p\u0159edev\u0161\u00edm o opakov\u00e1n\u00ed.","og_url":"https:\/\/orangeacademy.cz\/clanky\/rekvalifikacni-kurz-mzdove-ucetnictvi-7-dil\/","og_site_name":"Blog Orange Academy","article_publisher":"https:\/\/www.facebook.com\/OrangeAcademy.sro","article_published_time":"2020-06-09T09:52:44+00:00","article_modified_time":"2020-06-17T14:41:43+00:00","og_image":[{"width":640,"height":494,"url":"https:\/\/orangeacademy.cz\/clanky\/wp-content\/uploads\/2020\/06\/rekvalifikacni-kurz-mzdove-ucetnictvi-7-dil.jpg","type":"image\/jpeg"}],"author":"Zuzana Kl\u00edmov\u00e1","twitter_card":"summary_large_image","twitter_misc":{"Napsal(a)":"Zuzana Kl\u00edmov\u00e1","Odhadovan\u00e1 doba \u010dten\u00ed":"4 minuty"},"schema":{"@context":"https:\/\/schema.org","@graph":[{"@type":"Article","@id":"https:\/\/orangeacademy.cz\/clanky\/rekvalifikacni-kurz-mzdove-ucetnictvi-7-dil\/#article","isPartOf":{"@id":"https:\/\/orangeacademy.cz\/clanky\/rekvalifikacni-kurz-mzdove-ucetnictvi-7-dil\/"},"author":{"name":"Zuzana Kl\u00edmov\u00e1","@id":"https:\/\/orangeacademy.cz\/clanky\/#\/schema\/person\/481055e8147552df844d61515e604290"},"headline":"Chod\u00edm na rekvalifika\u010dn\u00ed kurz \u201eMzdov\u00e9 \u00fa\u010detnictv\u00ed se z\u00e1klady personalistiky\u201c 7. d\u00edl (opakov\u00e1n\u00ed)","datePublished":"2020-06-09T09:52:44+00:00","dateModified":"2020-06-17T14:41:43+00:00","mainEntityOfPage":{"@id":"https:\/\/orangeacademy.cz\/clanky\/rekvalifikacni-kurz-mzdove-ucetnictvi-7-dil\/"},"wordCount":885,"commentCount":0,"image":{"@id":"https:\/\/orangeacademy.cz\/clanky\/rekvalifikacni-kurz-mzdove-ucetnictvi-7-dil\/#primaryimage"},"thumbnailUrl":"https:\/\/orangeacademy.cz\/clanky\/wp-content\/uploads\/2020\/06\/rekvalifikacni-kurz-mzdove-ucetnictvi-7-dil.jpg","keywords":["Rekvalifikace","\u00da\u010detnictv\u00ed","Vzd\u011bl\u00e1v\u00e1n\u00ed"],"articleSection":["\u00da\u010detnictv\u00ed a dan\u011b","Vzd\u011bl\u00e1v\u00e1n\u00ed"],"inLanguage":"cs","potentialAction":[{"@type":"CommentAction","name":"Comment","target":["https:\/\/orangeacademy.cz\/clanky\/rekvalifikacni-kurz-mzdove-ucetnictvi-7-dil\/#respond"]}]},{"@type":"WebPage","@id":"https:\/\/orangeacademy.cz\/clanky\/rekvalifikacni-kurz-mzdove-ucetnictvi-7-dil\/","url":"https:\/\/orangeacademy.cz\/clanky\/rekvalifikacni-kurz-mzdove-ucetnictvi-7-dil\/","name":"Chod\u00edm na rekvalifika\u010dn\u00ed kurz \u201eMzdov\u00e9 \u00fa\u010detnictv\u00ed se z\u00e1klady personalistiky\u201c 7. d\u00edl (opakov\u00e1n\u00ed)","isPartOf":{"@id":"https:\/\/orangeacademy.cz\/clanky\/#website"},"primaryImageOfPage":{"@id":"https:\/\/orangeacademy.cz\/clanky\/rekvalifikacni-kurz-mzdove-ucetnictvi-7-dil\/#primaryimage"},"image":{"@id":"https:\/\/orangeacademy.cz\/clanky\/rekvalifikacni-kurz-mzdove-ucetnictvi-7-dil\/#primaryimage"},"thumbnailUrl":"https:\/\/orangeacademy.cz\/clanky\/wp-content\/uploads\/2020\/06\/rekvalifikacni-kurz-mzdove-ucetnictvi-7-dil.jpg","datePublished":"2020-06-09T09:52:44+00:00","dateModified":"2020-06-17T14:41:43+00:00","author":{"@id":"https:\/\/orangeacademy.cz\/clanky\/#\/schema\/person\/481055e8147552df844d61515e604290"},"description":"Uteklo to neskute\u010dn\u011b, i p\u0159es karant\u00e9nu a koronavirus. T\u011b\u017eko \u0159\u00edct, jestli \u010das nav\u00edc byl ku prosp\u011bchu. Sedm\u00e1 lekce kurzu byla p\u0159edev\u0161\u00edm o opakov\u00e1n\u00ed.","breadcrumb":{"@id":"https:\/\/orangeacademy.cz\/clanky\/rekvalifikacni-kurz-mzdove-ucetnictvi-7-dil\/#breadcrumb"},"inLanguage":"cs","potentialAction":[{"@type":"ReadAction","target":["https:\/\/orangeacademy.cz\/clanky\/rekvalifikacni-kurz-mzdove-ucetnictvi-7-dil\/"]}]},{"@type":"ImageObject","inLanguage":"cs","@id":"https:\/\/orangeacademy.cz\/clanky\/rekvalifikacni-kurz-mzdove-ucetnictvi-7-dil\/#primaryimage","url":"https:\/\/orangeacademy.cz\/clanky\/wp-content\/uploads\/2020\/06\/rekvalifikacni-kurz-mzdove-ucetnictvi-7-dil.jpg","contentUrl":"https:\/\/orangeacademy.cz\/clanky\/wp-content\/uploads\/2020\/06\/rekvalifikacni-kurz-mzdove-ucetnictvi-7-dil.jpg","width":640,"height":494,"caption":"rekvalifika\u010dn\u00ed kurz mzdov\u00e9 \u00fa\u010detnictv\u00ed se z\u00e1klady personalistiky 7. d\u00edl"},{"@type":"BreadcrumbList","@id":"https:\/\/orangeacademy.cz\/clanky\/rekvalifikacni-kurz-mzdove-ucetnictvi-7-dil\/#breadcrumb","itemListElement":[{"@type":"ListItem","position":1,"name":"Home","item":"https:\/\/orangeacademy.cz\/clanky\/"},{"@type":"ListItem","position":2,"name":"Chod\u00edm na rekvalifika\u010dn\u00ed kurz \u201eMzdov\u00e9 \u00fa\u010detnictv\u00ed se z\u00e1klady personalistiky\u201c 7. d\u00edl (opakov\u00e1n\u00ed)"}]},{"@type":"WebSite","@id":"https:\/\/orangeacademy.cz\/clanky\/#website","url":"https:\/\/orangeacademy.cz\/clanky\/","name":"Blog Orange Academy","description":"Kurzy, rekvalifikace, lep\u0161\u00ed pr\u00e1ce i \u017eivot","potentialAction":[{"@type":"SearchAction","target":{"@type":"EntryPoint","urlTemplate":"https:\/\/orangeacademy.cz\/clanky\/?s={search_term_string}"},"query-input":{"@type":"PropertyValueSpecification","valueRequired":true,"valueName":"search_term_string"}}],"inLanguage":"cs"},{"@type":"Person","@id":"https:\/\/orangeacademy.cz\/clanky\/#\/schema\/person\/481055e8147552df844d61515e604290","name":"Zuzana Kl\u00edmov\u00e1","image":{"@type":"ImageObject","inLanguage":"cs","@id":"https:\/\/secure.gravatar.com\/avatar\/4460d4af4d2a189c146b0ab3cb490223f0a735ec419393c9fc8be12c192b815e?s=96&d=wavatar&r=g","url":"https:\/\/secure.gravatar.com\/avatar\/4460d4af4d2a189c146b0ab3cb490223f0a735ec419393c9fc8be12c192b815e?s=96&d=wavatar&r=g","contentUrl":"https:\/\/secure.gravatar.com\/avatar\/4460d4af4d2a189c146b0ab3cb490223f0a735ec419393c9fc8be12c192b815e?s=96&d=wavatar&r=g","caption":"Zuzana Kl\u00edmov\u00e1"},"sameAs":["https:\/\/orangeacademy.cz\/lide\/zuzana-klimova"],"url":"https:\/\/orangeacademy.cz\/clanky\/author\/klimova\/"}]}},"_links":{"self":[{"href":"https:\/\/orangeacademy.cz\/clanky\/wp-json\/wp\/v2\/posts\/2486","targetHints":{"allow":["GET"]}}],"collection":[{"href":"https:\/\/orangeacademy.cz\/clanky\/wp-json\/wp\/v2\/posts"}],"about":[{"href":"https:\/\/orangeacademy.cz\/clanky\/wp-json\/wp\/v2\/types\/post"}],"author":[{"embeddable":true,"href":"https:\/\/orangeacademy.cz\/clanky\/wp-json\/wp\/v2\/users\/8"}],"replies":[{"embeddable":true,"href":"https:\/\/orangeacademy.cz\/clanky\/wp-json\/wp\/v2\/comments?post=2486"}],"version-history":[{"count":5,"href":"https:\/\/orangeacademy.cz\/clanky\/wp-json\/wp\/v2\/posts\/2486\/revisions"}],"predecessor-version":[{"id":2615,"href":"https:\/\/orangeacademy.cz\/clanky\/wp-json\/wp\/v2\/posts\/2486\/revisions\/2615"}],"wp:featuredmedia":[{"embeddable":true,"href":"https:\/\/orangeacademy.cz\/clanky\/wp-json\/wp\/v2\/media\/2488"}],"wp:attachment":[{"href":"https:\/\/orangeacademy.cz\/clanky\/wp-json\/wp\/v2\/media?parent=2486"}],"wp:term":[{"taxonomy":"category","embeddable":true,"href":"https:\/\/orangeacademy.cz\/clanky\/wp-json\/wp\/v2\/categories?post=2486"},{"taxonomy":"post_tag","embeddable":true,"href":"https:\/\/orangeacademy.cz\/clanky\/wp-json\/wp\/v2\/tags?post=2486"}],"curies":[{"name":"wp","href":"https:\/\/api.w.org\/{rel}","templated":true}]}}