{"id":2085,"date":"2020-04-17T11:40:21","date_gmt":"2020-04-17T09:40:21","guid":{"rendered":"https:\/\/orangeacademy.cz\/clanky\/?p=2085"},"modified":"2020-04-07T15:08:50","modified_gmt":"2020-04-07T13:08:50","slug":"rozhovor-s-janou-mixovou-kdyz-clovek-chce-dokaze-vsechno","status":"publish","type":"post","link":"https:\/\/orangeacademy.cz\/clanky\/rozhovor-s-janou-mixovou-kdyz-clovek-chce-dokaze-vsechno\/","title":{"rendered":"ROZHOVOR s pan\u00ed Janou Mixovou: Kdy\u017e \u010dlov\u011bk chce, dok\u00e1\u017ee v\u0161echno."},"content":{"rendered":"<p><strong>Oslovila jsem k rozhovoru pan\u00ed Janu Mixovou, absolventku rekvalifika\u010dn\u00edch kurz\u016f Orange Academy a polo\u017eila j\u00ed\u00a0n\u011bkolik ot\u00e1zek ohledn\u011b jejich pr\u016fb\u011bhu a hodnocen\u00ed. <\/strong><\/p>\n<p>Pan\u00ed Jana jich absolvovala hned n\u011bkolik. V\u00a0letech 2015 a\u017e 2018 se stala absolventkou kurz\u016f \u2013 mzdov\u00e9 \u00fa\u010detnictv\u00ed se z\u00e1klady personalistiky, da\u0148ov\u00e1 evidence a <a href=\"https:\/\/orangeacademy.cz\/kurzy-personalistiky\/rekvalifikacni-kurz-personalistika\" target=\"_blank\" rel=\"noopener noreferrer\">personalistika<\/a>. Aktu\u00e1ln\u011b <strong>pracuje v\u00a0oboru personalistiky<\/strong> a sv\u00e9 znalosti nabyt\u00e9 z kurzu doplnila o n\u011bkolikaletou praxi.<\/p>\n<blockquote><p><em>Sama \u0159\u00edk\u00e1: \u201eBez teorie by to ne\u0161lo, a te\u010f u\u017e m\u00e1m i 3 roky v\u00a0personalistice praxi a jsem za oboj\u00ed r\u00e1da. V\u011b\u0159te, \u017ee v\u0161echno m\u00e1 sv\u016fj \u010das\u2026\u201c<\/em><\/p><\/blockquote>\n<p>R\u00e1di bychom v\u00e1m uk\u00e1zali na zku\u0161enostech na\u0161ich absolvent\u016f, \u017ee na\u0161e <a href=\"https:\/\/orangeacademy.cz\/rekvalifikacni-kurzy\" target=\"_blank\" rel=\"noopener noreferrer\">rekvalifika\u010dn\u00ed kurzy<\/a> jsou ur\u010den\u00e9 nejen pro ty, kte\u0159\u00ed maj\u00ed ji\u017e n\u011bjak\u00e9 zku\u0161enosti, ale i pro naprost\u00e9 laiky v dan\u00e9m oboru. Jednotliv\u00e9 kurzy na sebe kr\u00e1sn\u011b navazuj\u00ed a sv\u00e9 znalosti si m\u016f\u017eete je\u0161t\u011b v\u00edce prohloubit jako pan\u00ed Jana Mixov\u00e1. Pod\u00edvejte se, jak v rozhovoru rekvalifika\u010dn\u00ed kurzy Orange Academy zhodnotila.<\/p>\n<h2>A jak\u00e9 bylo hodnocen\u00ed rekvalifika\u010dn\u00edch kurz\u016f pan\u00ed Jany Mixov\u00e9?<\/h2>\n<p><strong>Jak jste se vlastn\u011b o kurzu dozv\u011bd\u011bla? <\/strong><\/p>\n<p>J\u00e1 jsem se dozv\u011bd\u011bla o kurzu z\u00a0internetu.<\/p>\n<p><strong>Jak\u00e1 byla prvn\u00ed lekce a jak jste se na n\u00ed c\u00edtila?<\/strong><\/p>\n<p>Prvn\u00ed lekce byla n\u00e1ro\u010dn\u00e1, ale dalo se to zvl\u00e1dnout.<\/p>\n<p><strong>Jak\u00fd byl pr\u016fb\u011bh cel\u00e9ho kurzu? P\u0159ekvapilo v\u00e1s n\u011bco? Co pro v\u00e1s bylo nejobt\u00ed\u017en\u011bj\u0161\u00ed?<\/strong><\/p>\n<p>Pr\u016fb\u011bh byl klidn\u00fd a z\u00e1rove\u0148 bohat\u00fd na v\u00fduku.<\/p>\n<p><strong>Jak jste byl spokojena s lektory? Rozum\u011bla jste dob\u0159e v\u00fduce?<\/strong><\/p>\n<p>Byla jsem spokojen\u00e1 se v\u0161emi lektory. V\u00fduce jsem rozum\u011bla.<\/p>\n<p><strong>Jak prob\u00edhaly zkou\u0161ky? Bylo to pro v\u00e1s t\u011b\u017ek\u00e9?<\/strong><\/p>\n<p>Zkou\u0161ky prob\u00edhaly v\u00a0klidn\u00e9m prost\u0159ed\u00ed. T\u011b\u017ek\u00e9 pro m\u011b byly. Ale kdy\u017e se \u010dlov\u011bk p\u0159ipravil, \u0161lo to v\u00a0klidu zvl\u00e1dnout.<\/p>\n<p><strong>Jak vyu\u017e\u00edv\u00e1te znalosti nabyt\u00e9 z kurzu v praxi? <\/strong><\/p>\n<p>J\u00e1 znalosti z\u00a0pro\u0161l\u00e9ho kurzu vyu\u017e\u00edv\u00e1m v\u00a0<a href=\"https:\/\/orangeacademy.cz\/clanky\/novy-rok-2020-a-zmena-prace\/\" target=\"_blank\" rel=\"noopener noreferrer\">zam\u011bstn\u00e1n\u00ed<\/a> denn\u011b.<\/p>\n<p><strong>Jste r\u00e1da s odstupem \u010dasu, \u017ee jste do kurzu chodila? Co byste vzk\u00e1zala nov\u00fdm student\u016fm, kte\u0159\u00ed jsou za\u010d\u00e1te\u010dn\u00edci?<\/strong><\/p>\n<p>J\u00e1 jsem za absolvov\u00e1n\u00ed Va\u0161ich kurz\u016f moc r\u00e1da, pracuji s\u00a0nabyt\u00fdmi informacemi neust\u00e1le. Nov\u00fdm student\u016fm bych vzk\u00e1zala, \u017ee opravdu nen\u00ed \u010deho se b\u00e1t. Kdy\u017e \u010dlov\u011bk chce, dok\u00e1\u017ee v\u0161echno. D\u011bkuji.<\/p>\n<p>I my d\u011bkujeme za rozhovor!<\/p>\n<p>Pro aktu\u00e1ln\u00ed videa z oblasti\u00a0<a class=\"dictlnk\" title=\"Pr\u00e1ce - nab\u00eddka pr\u00e1ce\" href=\"https:\/\/www.kurzy.cz\/prace\/\">pr\u00e1ce<\/a>, personalistiky a marketingu\u00a0<a href=\"https:\/\/bit.ly\/2OuKY7O\" rel=\"nofollow\">odeb\u00edrejte<\/a>\u00a0kan\u00e1l Orange Academy.\u00a0Vyplat\u00ed se to!<\/p>\n","protected":false},"excerpt":{"rendered":"<p>Oslovila jsem k rozhovoru pan\u00ed Janu Mixovou, absolventku rekvalifika\u010dn\u00edch kurz\u016f Orange Academy a polo\u017eila j\u00ed\u00a0n\u011bkolik ot\u00e1zek ohledn\u011b jejich pr\u016fb\u011bhu a hodnocen\u00ed. Pan\u00ed Jana jich absolvovala hned n\u011bkolik. V\u00a0letech 2015 a\u017e 2018 se stala absolventkou kurz\u016f \u2013 mzdov\u00e9 \u00fa\u010detnictv\u00ed se z\u00e1klady personalistiky, da\u0148ov\u00e1 evidence a personalistika. Aktu\u00e1ln\u011b pracuje v\u00a0oboru personalistiky a sv\u00e9 znalosti nabyt\u00e9 z kurzu [&hellip;]<\/p>\n","protected":false},"author":8,"featured_media":2086,"comment_status":"open","ping_status":"open","sticky":false,"template":"","format":"standard","meta":{"_et_pb_use_builder":"","_et_pb_old_content":"","_et_gb_content_width":"","footnotes":""},"categories":[9],"tags":[34,140,36,7],"class_list":["post-2085","post","type-post","status-publish","format-standard","has-post-thumbnail","hentry","category-vzdelavani","tag-lepsi-prace","tag-rozhovor","tag-vzdelavaci-kurzy","tag-zivotni-zmena"],"yoast_head":"<!-- This site is optimized with the Yoast SEO plugin v27.5 - https:\/\/yoast.com\/product\/yoast-seo-wordpress\/ -->\n<title>ROZHOVOR s pan\u00ed Janou Mixovou: Kdy\u017e \u010dlov\u011bk chce, dok\u00e1\u017ee v\u0161echno.<\/title>\n<meta name=\"description\" content=\"Pod\u00edvejte se na rozhovor s pan\u00ed Janou Mixovou, absolventkou na\u0161ich rekvalifika\u010dn\u00edch kurz\u016f, kter\u00e9 jsme polo\u017eili ot\u00e1zky ohledn\u011b jejich pr\u016fb\u011bhu a hodnocen\u00ed.\" \/>\n<meta name=\"robots\" content=\"index, follow, max-snippet:-1, max-image-preview:large, max-video-preview:-1\" \/>\n<link rel=\"canonical\" href=\"https:\/\/orangeacademy.cz\/clanky\/rozhovor-s-janou-mixovou-kdyz-clovek-chce-dokaze-vsechno\/\" \/>\n<meta property=\"og:locale\" content=\"cs_CZ\" \/>\n<meta property=\"og:type\" content=\"article\" \/>\n<meta property=\"og:title\" content=\"ROZHOVOR s pan\u00ed Janou Mixovou: Kdy\u017e \u010dlov\u011bk chce, dok\u00e1\u017ee v\u0161echno.\" \/>\n<meta property=\"og:description\" content=\"Pod\u00edvejte se na rozhovor s pan\u00ed Janou Mixovou, absolventkou na\u0161ich rekvalifika\u010dn\u00edch kurz\u016f, kter\u00e9 jsme polo\u017eili ot\u00e1zky ohledn\u011b jejich pr\u016fb\u011bhu a hodnocen\u00ed.\" \/>\n<meta property=\"og:url\" content=\"https:\/\/orangeacademy.cz\/clanky\/rozhovor-s-janou-mixovou-kdyz-clovek-chce-dokaze-vsechno\/\" \/>\n<meta property=\"og:site_name\" content=\"Blog Orange Academy\" \/>\n<meta property=\"article:publisher\" content=\"https:\/\/www.facebook.com\/OrangeAcademy.sro\" \/>\n<meta property=\"article:published_time\" content=\"2020-04-17T09:40:21+00:00\" \/>\n<meta property=\"og:image\" content=\"https:\/\/orangeacademy.cz\/clanky\/wp-content\/uploads\/2020\/03\/Rozhovor-Jana-Mixov\u00e1.png\" \/>\n\t<meta property=\"og:image:width\" content=\"1044\" \/>\n\t<meta property=\"og:image:height\" content=\"846\" \/>\n\t<meta property=\"og:image:type\" content=\"image\/png\" \/>\n<meta name=\"author\" content=\"Zuzana Kl\u00edmov\u00e1\" \/>\n<meta name=\"twitter:card\" content=\"summary_large_image\" \/>\n<meta name=\"twitter:label1\" content=\"Napsal(a)\" \/>\n\t<meta name=\"twitter:data1\" content=\"Zuzana Kl\u00edmov\u00e1\" \/>\n\t<meta name=\"twitter:label2\" content=\"Odhadovan\u00e1 doba \u010dten\u00ed\" \/>\n\t<meta name=\"twitter:data2\" content=\"2 minuty\" \/>\n<!-- \/ Yoast SEO plugin. -->","yoast_head_json":{"title":"ROZHOVOR s pan\u00ed Janou Mixovou: Kdy\u017e \u010dlov\u011bk chce, dok\u00e1\u017ee v\u0161echno.","description":"Pod\u00edvejte se na rozhovor s pan\u00ed Janou Mixovou, absolventkou na\u0161ich rekvalifika\u010dn\u00edch kurz\u016f, kter\u00e9 jsme polo\u017eili ot\u00e1zky ohledn\u011b jejich pr\u016fb\u011bhu a hodnocen\u00ed.","robots":{"index":"index","follow":"follow","max-snippet":"max-snippet:-1","max-image-preview":"max-image-preview:large","max-video-preview":"max-video-preview:-1"},"canonical":"https:\/\/orangeacademy.cz\/clanky\/rozhovor-s-janou-mixovou-kdyz-clovek-chce-dokaze-vsechno\/","og_locale":"cs_CZ","og_type":"article","og_title":"ROZHOVOR s pan\u00ed Janou Mixovou: Kdy\u017e \u010dlov\u011bk chce, dok\u00e1\u017ee v\u0161echno.","og_description":"Pod\u00edvejte se na rozhovor s pan\u00ed Janou Mixovou, absolventkou na\u0161ich rekvalifika\u010dn\u00edch kurz\u016f, kter\u00e9 jsme polo\u017eili ot\u00e1zky ohledn\u011b jejich pr\u016fb\u011bhu a hodnocen\u00ed.","og_url":"https:\/\/orangeacademy.cz\/clanky\/rozhovor-s-janou-mixovou-kdyz-clovek-chce-dokaze-vsechno\/","og_site_name":"Blog Orange Academy","article_publisher":"https:\/\/www.facebook.com\/OrangeAcademy.sro","article_published_time":"2020-04-17T09:40:21+00:00","og_image":[{"width":1044,"height":846,"url":"https:\/\/orangeacademy.cz\/clanky\/wp-content\/uploads\/2020\/03\/Rozhovor-Jana-Mixov\u00e1.png","type":"image\/png"}],"author":"Zuzana Kl\u00edmov\u00e1","twitter_card":"summary_large_image","twitter_misc":{"Napsal(a)":"Zuzana Kl\u00edmov\u00e1","Odhadovan\u00e1 doba \u010dten\u00ed":"2 minuty"},"schema":{"@context":"https:\/\/schema.org","@graph":[{"@type":"Article","@id":"https:\/\/orangeacademy.cz\/clanky\/rozhovor-s-janou-mixovou-kdyz-clovek-chce-dokaze-vsechno\/#article","isPartOf":{"@id":"https:\/\/orangeacademy.cz\/clanky\/rozhovor-s-janou-mixovou-kdyz-clovek-chce-dokaze-vsechno\/"},"author":{"name":"Zuzana Kl\u00edmov\u00e1","@id":"https:\/\/orangeacademy.cz\/clanky\/#\/schema\/person\/481055e8147552df844d61515e604290"},"headline":"ROZHOVOR s pan\u00ed Janou Mixovou: Kdy\u017e \u010dlov\u011bk chce, dok\u00e1\u017ee v\u0161echno.","datePublished":"2020-04-17T09:40:21+00:00","mainEntityOfPage":{"@id":"https:\/\/orangeacademy.cz\/clanky\/rozhovor-s-janou-mixovou-kdyz-clovek-chce-dokaze-vsechno\/"},"wordCount":462,"commentCount":0,"image":{"@id":"https:\/\/orangeacademy.cz\/clanky\/rozhovor-s-janou-mixovou-kdyz-clovek-chce-dokaze-vsechno\/#primaryimage"},"thumbnailUrl":"https:\/\/orangeacademy.cz\/clanky\/wp-content\/uploads\/2020\/03\/Rozhovor-Jana-Mixov\u00e1.png","keywords":["Lep\u0161\u00ed pr\u00e1ce","rozhovor","Vzd\u011bl\u00e1vac\u00ed kurzy","\u017divotn\u00ed zm\u011bna"],"articleSection":["Vzd\u011bl\u00e1v\u00e1n\u00ed"],"inLanguage":"cs","potentialAction":[{"@type":"CommentAction","name":"Comment","target":["https:\/\/orangeacademy.cz\/clanky\/rozhovor-s-janou-mixovou-kdyz-clovek-chce-dokaze-vsechno\/#respond"]}]},{"@type":"WebPage","@id":"https:\/\/orangeacademy.cz\/clanky\/rozhovor-s-janou-mixovou-kdyz-clovek-chce-dokaze-vsechno\/","url":"https:\/\/orangeacademy.cz\/clanky\/rozhovor-s-janou-mixovou-kdyz-clovek-chce-dokaze-vsechno\/","name":"ROZHOVOR s pan\u00ed Janou Mixovou: Kdy\u017e \u010dlov\u011bk chce, dok\u00e1\u017ee v\u0161echno.","isPartOf":{"@id":"https:\/\/orangeacademy.cz\/clanky\/#website"},"primaryImageOfPage":{"@id":"https:\/\/orangeacademy.cz\/clanky\/rozhovor-s-janou-mixovou-kdyz-clovek-chce-dokaze-vsechno\/#primaryimage"},"image":{"@id":"https:\/\/orangeacademy.cz\/clanky\/rozhovor-s-janou-mixovou-kdyz-clovek-chce-dokaze-vsechno\/#primaryimage"},"thumbnailUrl":"https:\/\/orangeacademy.cz\/clanky\/wp-content\/uploads\/2020\/03\/Rozhovor-Jana-Mixov\u00e1.png","datePublished":"2020-04-17T09:40:21+00:00","author":{"@id":"https:\/\/orangeacademy.cz\/clanky\/#\/schema\/person\/481055e8147552df844d61515e604290"},"description":"Pod\u00edvejte se na rozhovor s pan\u00ed Janou Mixovou, absolventkou na\u0161ich rekvalifika\u010dn\u00edch kurz\u016f, kter\u00e9 jsme polo\u017eili ot\u00e1zky ohledn\u011b jejich pr\u016fb\u011bhu a hodnocen\u00ed.","breadcrumb":{"@id":"https:\/\/orangeacademy.cz\/clanky\/rozhovor-s-janou-mixovou-kdyz-clovek-chce-dokaze-vsechno\/#breadcrumb"},"inLanguage":"cs","potentialAction":[{"@type":"ReadAction","target":["https:\/\/orangeacademy.cz\/clanky\/rozhovor-s-janou-mixovou-kdyz-clovek-chce-dokaze-vsechno\/"]}]},{"@type":"ImageObject","inLanguage":"cs","@id":"https:\/\/orangeacademy.cz\/clanky\/rozhovor-s-janou-mixovou-kdyz-clovek-chce-dokaze-vsechno\/#primaryimage","url":"https:\/\/orangeacademy.cz\/clanky\/wp-content\/uploads\/2020\/03\/Rozhovor-Jana-Mixov\u00e1.png","contentUrl":"https:\/\/orangeacademy.cz\/clanky\/wp-content\/uploads\/2020\/03\/Rozhovor-Jana-Mixov\u00e1.png","width":1044,"height":846,"caption":"Rozhovor Jana Mixov\u00e1"},{"@type":"BreadcrumbList","@id":"https:\/\/orangeacademy.cz\/clanky\/rozhovor-s-janou-mixovou-kdyz-clovek-chce-dokaze-vsechno\/#breadcrumb","itemListElement":[{"@type":"ListItem","position":1,"name":"Home","item":"https:\/\/orangeacademy.cz\/clanky\/"},{"@type":"ListItem","position":2,"name":"ROZHOVOR s pan\u00ed Janou Mixovou: Kdy\u017e \u010dlov\u011bk chce, dok\u00e1\u017ee v\u0161echno."}]},{"@type":"WebSite","@id":"https:\/\/orangeacademy.cz\/clanky\/#website","url":"https:\/\/orangeacademy.cz\/clanky\/","name":"Blog Orange Academy","description":"Kurzy, rekvalifikace, lep\u0161\u00ed pr\u00e1ce i \u017eivot","potentialAction":[{"@type":"SearchAction","target":{"@type":"EntryPoint","urlTemplate":"https:\/\/orangeacademy.cz\/clanky\/?s={search_term_string}"},"query-input":{"@type":"PropertyValueSpecification","valueRequired":true,"valueName":"search_term_string"}}],"inLanguage":"cs"},{"@type":"Person","@id":"https:\/\/orangeacademy.cz\/clanky\/#\/schema\/person\/481055e8147552df844d61515e604290","name":"Zuzana Kl\u00edmov\u00e1","image":{"@type":"ImageObject","inLanguage":"cs","@id":"https:\/\/secure.gravatar.com\/avatar\/4460d4af4d2a189c146b0ab3cb490223f0a735ec419393c9fc8be12c192b815e?s=96&d=wavatar&r=g","url":"https:\/\/secure.gravatar.com\/avatar\/4460d4af4d2a189c146b0ab3cb490223f0a735ec419393c9fc8be12c192b815e?s=96&d=wavatar&r=g","contentUrl":"https:\/\/secure.gravatar.com\/avatar\/4460d4af4d2a189c146b0ab3cb490223f0a735ec419393c9fc8be12c192b815e?s=96&d=wavatar&r=g","caption":"Zuzana Kl\u00edmov\u00e1"},"sameAs":["https:\/\/orangeacademy.cz\/lide\/zuzana-klimova"],"url":"https:\/\/orangeacademy.cz\/clanky\/author\/klimova\/"}]}},"_links":{"self":[{"href":"https:\/\/orangeacademy.cz\/clanky\/wp-json\/wp\/v2\/posts\/2085","targetHints":{"allow":["GET"]}}],"collection":[{"href":"https:\/\/orangeacademy.cz\/clanky\/wp-json\/wp\/v2\/posts"}],"about":[{"href":"https:\/\/orangeacademy.cz\/clanky\/wp-json\/wp\/v2\/types\/post"}],"author":[{"embeddable":true,"href":"https:\/\/orangeacademy.cz\/clanky\/wp-json\/wp\/v2\/users\/8"}],"replies":[{"embeddable":true,"href":"https:\/\/orangeacademy.cz\/clanky\/wp-json\/wp\/v2\/comments?post=2085"}],"version-history":[{"count":5,"href":"https:\/\/orangeacademy.cz\/clanky\/wp-json\/wp\/v2\/posts\/2085\/revisions"}],"predecessor-version":[{"id":2132,"href":"https:\/\/orangeacademy.cz\/clanky\/wp-json\/wp\/v2\/posts\/2085\/revisions\/2132"}],"wp:featuredmedia":[{"embeddable":true,"href":"https:\/\/orangeacademy.cz\/clanky\/wp-json\/wp\/v2\/media\/2086"}],"wp:attachment":[{"href":"https:\/\/orangeacademy.cz\/clanky\/wp-json\/wp\/v2\/media?parent=2085"}],"wp:term":[{"taxonomy":"category","embeddable":true,"href":"https:\/\/orangeacademy.cz\/clanky\/wp-json\/wp\/v2\/categories?post=2085"},{"taxonomy":"post_tag","embeddable":true,"href":"https:\/\/orangeacademy.cz\/clanky\/wp-json\/wp\/v2\/tags?post=2085"}],"curies":[{"name":"wp","href":"https:\/\/api.w.org\/{rel}","templated":true}]}}