{"id":1851,"date":"2025-10-29T09:35:40","date_gmt":"2025-10-29T08:35:40","guid":{"rendered":"https:\/\/orangeacademy.cz\/clanky\/?p=1851"},"modified":"2025-11-13T11:59:25","modified_gmt":"2025-11-13T10:59:25","slug":"rekvalifikacni-kurzy-brno","status":"publish","type":"post","link":"https:\/\/orangeacademy.cz\/clanky\/rekvalifikacni-kurzy-brno\/","title":{"rendered":"Jak\u00e9 rekvalifika\u010dn\u00ed kurzy po\u0159\u00e1d\u00e1me v Brn\u011b?"},"content":{"rendered":"<p><b>Orange Academy p\u016fsob\u00ed na \u010desk\u00e9m trhu u\u017e od roku 1990 a dnes m\u00e1 pobo\u010dky ve v\u00edce ne\u017e 40 m\u011bstech po cel\u00e9 republice. Nab\u00edz\u00ed nejen akreditovan\u00e9 rekvalifika\u010dn\u00ed kurzy, ale tak\u00e9 v\u00fduku ciz\u00edch jazyk\u016f. Lekto\u0159i kombinuj\u00ed teoretick\u00e9 znalosti s praktick\u00fdmi zku\u0161enostmi z oboru, co\u017e absolventi velmi oce\u0148uj\u00ed.<\/b><\/p>\n<div id=\"ez-toc-container\" class=\"ez-toc-v2_0_82_2 counter-hierarchy ez-toc-counter ez-toc-custom ez-toc-container-direction\">\n<p class=\"ez-toc-title\" style=\"cursor:inherit\">Obsah<\/p>\n<label for=\"ez-toc-cssicon-toggle-item-69f5586c97eaa\" class=\"ez-toc-cssicon-toggle-label\"><span class=\"\"><span class=\"eztoc-hide\" style=\"display:none;\">Toggle<\/span><span class=\"ez-toc-icon-toggle-span\"><svg style=\"fill: #666666;color:#666666\" xmlns=\"http:\/\/www.w3.org\/2000\/svg\" class=\"list-377408\" width=\"20px\" height=\"20px\" viewBox=\"0 0 24 24\" fill=\"none\"><path d=\"M6 6H4v2h2V6zm14 0H8v2h12V6zM4 11h2v2H4v-2zm16 0H8v2h12v-2zM4 16h2v2H4v-2zm16 0H8v2h12v-2z\" fill=\"currentColor\"><\/path><\/svg><svg style=\"fill: #666666;color:#666666\" class=\"arrow-unsorted-368013\" xmlns=\"http:\/\/www.w3.org\/2000\/svg\" width=\"10px\" height=\"10px\" viewBox=\"0 0 24 24\" version=\"1.2\" baseProfile=\"tiny\"><path d=\"M18.2 9.3l-6.2-6.3-6.2 6.3c-.2.2-.3.4-.3.7s.1.5.3.7c.2.2.4.3.7.3h11c.3 0 .5-.1.7-.3.2-.2.3-.5.3-.7s-.1-.5-.3-.7zM5.8 14.7l6.2 6.3 6.2-6.3c.2-.2.3-.5.3-.7s-.1-.5-.3-.7c-.2-.2-.4-.3-.7-.3h-11c-.3 0-.5.1-.7.3-.2.2-.3.5-.3.7s.1.5.3.7z\"\/><\/svg><\/span><\/span><\/label><input type=\"checkbox\"  id=\"ez-toc-cssicon-toggle-item-69f5586c97eaa\"  aria-label=\"Toggle\" \/><nav><ul class='ez-toc-list ez-toc-list-level-1 ' ><li class='ez-toc-page-1 ez-toc-heading-level-2'><a class=\"ez-toc-link ez-toc-heading-1\" href=\"https:\/\/orangeacademy.cz\/clanky\/rekvalifikacni-kurzy-brno\/#Pro_koho_jsou_kurzy_urceny\" >Pro koho jsou kurzy ur\u010deny?<\/a><\/li><li class='ez-toc-page-1 ez-toc-heading-level-2'><a class=\"ez-toc-link ez-toc-heading-2\" href=\"https:\/\/orangeacademy.cz\/clanky\/rekvalifikacni-kurzy-brno\/#Kde_kurzy_v_Brne_probihaji\" >Kde kurzy v Brn\u011b prob\u00edhaj\u00ed?<\/a><\/li><li class='ez-toc-page-1 ez-toc-heading-level-2'><a class=\"ez-toc-link ez-toc-heading-3\" href=\"https:\/\/orangeacademy.cz\/clanky\/rekvalifikacni-kurzy-brno\/#Nabidka_kurzu_v_Brne\" >Nab\u00eddka kurz\u016f v Brn\u011b<\/a><\/li><li class='ez-toc-page-1 ez-toc-heading-level-2'><a class=\"ez-toc-link ez-toc-heading-4\" href=\"https:\/\/orangeacademy.cz\/clanky\/rekvalifikacni-kurzy-brno\/#Ucetnictvi\" >\u00da\u010detnictv\u00ed<\/a><\/li><li class='ez-toc-page-1 ez-toc-heading-level-2'><a class=\"ez-toc-link ez-toc-heading-5\" href=\"https:\/\/orangeacademy.cz\/clanky\/rekvalifikacni-kurzy-brno\/#Mzdove_ucetnictvi\" >Mzdov\u00e9 \u00fa\u010detnictv\u00ed<\/a><\/li><li class='ez-toc-page-1 ez-toc-heading-level-2'><a class=\"ez-toc-link ez-toc-heading-6\" href=\"https:\/\/orangeacademy.cz\/clanky\/rekvalifikacni-kurzy-brno\/#Personalistika\" >Personalistika<\/a><\/li><li class='ez-toc-page-1 ez-toc-heading-level-2'><a class=\"ez-toc-link ez-toc-heading-7\" href=\"https:\/\/orangeacademy.cz\/clanky\/rekvalifikacni-kurzy-brno\/#Proc_si_vybrat_nas_rekvalifikacni_kurz_Personalistiky\" >Pro\u010d si vybrat n\u00e1\u0161 rekvalifika\u010dn\u00ed kurz Personalistiky?<\/a><\/li><li class='ez-toc-page-1 ez-toc-heading-level-2'><a class=\"ez-toc-link ez-toc-heading-8\" href=\"https:\/\/orangeacademy.cz\/clanky\/rekvalifikacni-kurzy-brno\/#Proc_si_vybrat_Orange_Academy\" >Pro\u010d si vybrat Orange Academy?<\/a><\/li><\/ul><\/nav><\/div>\n<h2><span class=\"ez-toc-section\" id=\"Pro_koho_jsou_kurzy_urceny\"><\/span><span style=\"font-weight: 400;\">Pro koho jsou kurzy ur\u010deny?<\/span><span class=\"ez-toc-section-end\"><\/span><\/h2>\n<p><span style=\"font-weight: 400;\">Rekvalifikace je skv\u011blou p\u0159\u00edle\u017eitost\u00ed, <strong>jak si roz\u0161\u00ed\u0159it kvalifikaci, zv\u00fd\u0161it \u0161ance na trhu pr\u00e1ce nebo se vydat zcela nov\u00fdm profesn\u00edm sm\u011brem.<\/strong> V Brn\u011b <a href=\"https:\/\/orangeacademy.cz\/kurzy-ucetnictvi\/hledej-vsechny-kurzy\/brno\" target=\"_blank\" rel=\"noopener\">nab\u00edz\u00ed Orange Academy<\/a> \u0161irokou \u0161k\u00e1lu rekvalifika\u010dn\u00edch kurz\u016f, kter\u00e9 jsou akreditovan\u00e9 Ministerstvem \u0161kolstv\u00ed, ml\u00e1de\u017ee a t\u011blov\u00fdchovy \u010cR a zakon\u010den\u00e9 profesn\u00ed zkou\u0161kou N\u00e1rodn\u00ed soustavy kvalifikac\u00ed.<\/span><\/p>\n<p><span style=\"font-weight: 400;\">Kurzy jsou vhodn\u00e9 pro \u00fapln\u00e9 za\u010d\u00e1te\u010dn\u00edky, ale i pro ty, kte\u0159\u00ed u\u017e maj\u00ed s dan\u00fdm oborem n\u011bjak\u00e9 zku\u0161enosti. K v\u00fduce jsou vyu\u017e\u00edv\u00e1ny vlastn\u00ed u\u010debnice a e-learning, d\u00edky kter\u00e9mu si m\u016f\u017eete l\u00e1tku pohodln\u011b zopakovat doma. Po \u00fasp\u011b\u0161n\u00e9m slo\u017een\u00ed z\u00e1v\u011bre\u010dn\u00e9 <strong>zkou\u0161ky z\u00edsk\u00e1te ofici\u00e1ln\u00ed osv\u011bd\u010den\u00ed o rekvalifikaci,<\/strong> kter\u00e9 v\u00e1m pom\u016f\u017ee naj\u00edt uplatn\u011bn\u00ed na trhu pr\u00e1ce.<\/span><\/p>\n<h2><span class=\"ez-toc-section\" id=\"Kde_kurzy_v_Brne_probihaji\"><\/span><span style=\"font-weight: 400;\">Kde kurzy v Brn\u011b prob\u00edhaj\u00ed?<\/span><span class=\"ez-toc-section-end\"><\/span><\/h2>\n<p><span style=\"font-weight: 400;\">V\u00fduka prob\u00edh\u00e1 na St\u0159edn\u00ed pr\u016fmyslov\u00e9 \u0161kole stavebn\u00ed<strong> v Brn\u011b, na adrese Kudelova 8.<\/strong> \u0160kola se nach\u00e1z\u00ed <a href=\"https:\/\/orangeacademy.cz\/clanky\/rekvalifikace-brno-jake-rekvalifikacni-kurzy-si-vybrat-a-kolik-stoji\/\" target=\"_blank\" rel=\"noopener\">nedaleko zast\u00e1vky N\u00e1m\u011bst\u00ed 28. \u0159\u00edjna,<\/a> kam jezd\u00ed tramvaje. Pokud p\u0159ijedete autem, m\u016f\u017eete vyu\u017e\u00edt bezplatn\u00e9 parkov\u00e1n\u00ed v okol\u00ed parku nebo na t\u0159\u00edd\u011b Kapit\u00e1na Jaro\u0161e. V okol\u00ed najdete i n\u011bkolik doporu\u010dovan\u00fdch restaurac\u00ed.<\/span><\/p>\n<h2><span class=\"ez-toc-section\" id=\"Nabidka_kurzu_v_Brne\"><\/span><span style=\"font-weight: 400;\">Nab\u00eddka kurz\u016f v Brn\u011b<\/span><span class=\"ez-toc-section-end\"><\/span><\/h2>\n<h2><span class=\"ez-toc-section\" id=\"Ucetnictvi\"><\/span><span style=\"font-weight: 400;\">\u00da\u010detnictv\u00ed<\/span><span class=\"ez-toc-section-end\"><\/span><\/h2>\n<p><span style=\"font-weight: 400;\">Vyberte si z t\u011bchto variant:<\/span><\/p>\n<ol>\n<li style=\"font-weight: 400;\" aria-level=\"1\"><b>Podvojn\u00e9 \u00fa\u010detnictv\u00ed: <\/b><span style=\"font-weight: 400;\">Tento kurz je zam\u011b\u0159en na praktick\u00e9 \u00fa\u010dtov\u00e1n\u00ed pro mal\u00e9 a st\u0159edn\u00ed firmy. Nau\u010d\u00edte se, jak spr\u00e1vn\u011b \u00fa\u010dtovat b\u011b\u017en\u00e9 \u00fa\u010detn\u00ed p\u0159\u00edpady, od zalo\u017een\u00ed \u00fa\u010detn\u00ed jednotky a\u017e po uz\u00e1v\u011brku \u00fa\u010detnictv\u00ed. Kurz je ur\u010den jak pro \u00fapln\u00e9 za\u010d\u00e1te\u010dn\u00edky, tak pro ty, kte\u0159\u00ed maj\u00ed n\u011bjak\u00e9 z\u00e1klady a cht\u011bj\u00ed si sv\u00e9 znalosti doplnit.<\/span><\/li>\n<li style=\"font-weight: 400;\" aria-level=\"1\"><b>Kombinovan\u00fd kurz \u00fa\u010detnictv\u00ed a da\u0148ov\u00e9 evidence: <\/b><span style=\"font-weight: 400;\">Tento kurz kombinuje v\u00fduku \u00fa\u010detnictv\u00ed a da\u0148ov\u00e9 evidence za zv\u00fdhodn\u011bnou cenu. Z\u00edsk\u00e1te komplexn\u00ed p\u0159ehled o obou oblastech, co\u017e je ide\u00e1ln\u00ed pro ty, kte\u0159\u00ed cht\u011bj\u00ed m\u00edt nejen z\u00e1kladn\u00ed znalosti \u00fa\u010detnictv\u00ed, ale tak\u00e9 zvl\u00e1dat da\u0148ovou problematiku. Tento <strong>kurz je vhodn\u00fd pro v\u0161echny, kte\u0159\u00ed se cht\u011bj\u00ed p\u0159ipravit na re\u00e1ln\u00e9 pracovn\u00ed \u00fakoly spojen\u00e9 s ob\u011bma oblastmi.<\/strong><\/span><\/li>\n<\/ol>\n<h3><span style=\"font-weight: 400;\">Pro koho je kurz ur\u010den:<\/span><\/h3>\n<ul>\n<li style=\"font-weight: 400;\" aria-level=\"1\"><span style=\"font-weight: 400;\">Pro za\u010d\u00e1te\u010dn\u00edky, kte\u0159\u00ed se cht\u011bj\u00ed uplatnit na trhu pr\u00e1ce nebo z\u00edskat praktick\u00e9 dovednosti v oblasti \u00fa\u010detnictv\u00ed.<\/span><\/li>\n<li style=\"font-weight: 400;\" aria-level=\"1\"><span style=\"font-weight: 400;\">Pro ty, co u\u017e maj\u00ed z\u00e1klady a cht\u011bj\u00ed si sv\u00e9 znalosti osv\u011b\u017eit nebo zdokonalit.<\/span><\/li>\n<li style=\"font-weight: 400;\" aria-level=\"1\"><span style=\"font-weight: 400;\">Pro ka\u017ed\u00e9ho, kdo chce z\u00edskat ofici\u00e1ln\u00ed osv\u011bd\u010den\u00ed o rekvalifikaci, kter\u00e9 m\u00e1 celost\u00e1tn\u00ed platnost a je vydan\u00e9 M\u0160MT \u010cR. Tento certifik\u00e1t v\u00e1m v\u00fdrazn\u011b zv\u00fd\u0161\u00ed \u0161ance na uplatn\u011bn\u00ed na trhu pr\u00e1ce.<\/span><\/li>\n<li style=\"font-weight: 400;\" aria-level=\"1\"><span style=\"font-weight: 400;\">Pro z\u00e1jemce o vy\u0161\u0161\u00ed kvalifikaci, kte\u0159\u00ed cht\u011bj\u00ed vyu\u017e\u00edt osv\u011bd\u010den\u00ed i jako podklad pro z\u00edsk\u00e1n\u00ed \u017eivnostensk\u00e9ho opr\u00e1vn\u011bn\u00ed pro profesi \u00fa\u010detn\u00ed.<\/span><\/li>\n<\/ul>\n<h3><span style=\"font-weight: 400;\">\u00a0V kurzu se sezn\u00e1m\u00edte s:<\/span><\/h3>\n<ul>\n<li style=\"font-weight: 400;\" aria-level=\"1\"><b>Kompletn\u00edm \u00fa\u010dtov\u00e1n\u00edm<\/b><span style=\"font-weight: 400;\"> \u2013 od zalo\u017een\u00ed \u00fa\u010detn\u00ed jednotky a\u017e po z\u00e1v\u011brku \u00fa\u010detnictv\u00ed.<\/span><\/li>\n<li style=\"font-weight: 400;\" aria-level=\"1\"><b>Praktick\u00fdmi p\u0159\u00edklady, <\/b><span style=\"font-weight: 400;\">kter\u00e9 v\u00e1m pomohou l\u00e9pe pochopit teorii a z\u00edskat praktick\u00e9 zku\u0161enosti.<\/span><\/li>\n<li style=\"font-weight: 400;\" aria-level=\"1\"><b>Podrobn\u00fdm probr\u00e1n\u00edm \u00fa\u010detn\u00edch p\u0159\u00edpad\u016f<\/b><span style=\"font-weight: 400;\">, kter\u00e9 v\u00e1m umo\u017en\u00ed zvl\u00e1dnout \u00fa\u010dtov\u00e1n\u00ed v praxi.<\/span><\/li>\n<\/ul>\n<div id=\"attachment_10753\" style=\"width: 2570px\" class=\"wp-caption aligncenter\"><img loading=\"lazy\" decoding=\"async\" aria-describedby=\"caption-attachment-10753\" class=\"size-full wp-image-10753\" src=\"https:\/\/orangeacademy.cz\/clanky\/wp-content\/uploads\/2020\/02\/rekvalifikacni-kurzy-brno-urad-prace--scaled.jpeg\" alt=\"rekvalifika\u010dn\u00ed kurzy Brno\" width=\"2560\" height=\"1579\" srcset=\"https:\/\/orangeacademy.cz\/clanky\/wp-content\/uploads\/2020\/02\/rekvalifikacni-kurzy-brno-urad-prace--scaled.jpeg 2560w, https:\/\/orangeacademy.cz\/clanky\/wp-content\/uploads\/2020\/02\/rekvalifikacni-kurzy-brno-urad-prace--1280x790.jpeg 1280w, https:\/\/orangeacademy.cz\/clanky\/wp-content\/uploads\/2020\/02\/rekvalifikacni-kurzy-brno-urad-prace--980x604.jpeg 980w, https:\/\/orangeacademy.cz\/clanky\/wp-content\/uploads\/2020\/02\/rekvalifikacni-kurzy-brno-urad-prace--480x296.jpeg 480w\" sizes=\"(min-width: 0px) and (max-width: 480px) 480px, (min-width: 481px) and (max-width: 980px) 980px, (min-width: 981px) and (max-width: 1280px) 1280px, (min-width: 1281px) 2560px, 100vw\" \/><p id=\"caption-attachment-10753\" class=\"wp-caption-text\">rekvalifika\u010dn\u00ed kurzy Brno<\/p><\/div>\n<h2><span class=\"ez-toc-section\" id=\"Mzdove_ucetnictvi\"><\/span><span style=\"font-weight: 400;\">Mzdov\u00e9 \u00fa\u010detnictv\u00ed<\/span><span class=\"ez-toc-section-end\"><\/span><\/h2>\n<p><b>Dv\u011b varianty kurzu:<\/b><\/p>\n<ol>\n<li style=\"font-weight: 400;\" aria-level=\"1\"><b>Mzdov\u00e9 \u00fa\u010detnictv\u00ed se z\u00e1klady personalistiky:<\/b><span style=\"font-weight: 400;\"> Tento kurz je zam\u011b\u0159en na mzdov\u00e9 \u00fa\u010detnictv\u00ed a z\u00e1klady personalistiky. Nau\u010d\u00edte se v\u0161e, co je pot\u0159eba pro spr\u00e1vn\u00e9 veden\u00ed mzdov\u00e9ho \u00fa\u010detnictv\u00ed ve firm\u00e1ch, a sezn\u00e1m\u00edte se s kl\u00ed\u010dov\u00fdmi oblastmi personalistiky, v\u010detn\u011b legislativy a pracovn\u00edho pr\u00e1va.<\/span><\/li>\n<li style=\"font-weight: 400;\" aria-level=\"1\"><b>Mzdov\u00e9 \u00fa\u010detnictv\u00ed s personalistikou a prac\u00ed v programu Pohoda:<\/b><span style=\"font-weight: 400;\"> Tento kurz krom\u011b mzdov\u00e9ho \u00fa\u010detnictv\u00ed a personalistiky zahrnuje tak\u00e9 praktick\u00e9 vyu\u017eit\u00ed modern\u00edho \u00fa\u010detn\u00edho software Pohoda. Ide\u00e1ln\u00ed pro ty, kdo cht\u011bj\u00ed z\u00edskat nejen teoretick\u00e9 znalosti, ale i praktick\u00e9 dovednosti p\u0159i zpracov\u00e1n\u00ed mezd v po\u010d\u00edta\u010dov\u00e9m programu.<\/span><\/li>\n<\/ol>\n<h3><span style=\"font-weight: 400;\">\u00a0Zam\u011b\u0159\u00edte se na:<\/span><\/h3>\n<ul>\n<li style=\"font-weight: 400;\" aria-level=\"1\"><b>Z\u00e1klady personalistiky <\/b><span style=\"font-weight: 400;\">\u2013 Sezn\u00e1m\u00edte se se z\u00e1kon\u00edkem pr\u00e1ce, pracovn\u00edmi pom\u011bry, dovolenou, pracovn\u00edmi \u00farazy, nemocemi a dal\u0161\u00edmi kl\u00ed\u010dov\u00fdmi oblastmi.<\/span><\/li>\n<li style=\"font-weight: 400;\" aria-level=\"1\"><b>Zpracov\u00e1n\u00ed mezd v \u00fa\u010detn\u00edm programu Pohoda <\/b><span style=\"font-weight: 400;\">\u2013 Nau\u010d\u00edte se zad\u00e1vat mzdy do \u00fa\u010detn\u00edho softwaru, kter\u00fd je hojn\u011b pou\u017e\u00edvan\u00fd v praxi.<\/span><\/li>\n<li style=\"font-weight: 400;\" aria-level=\"1\"><b>Praktick\u00e9 p\u0159\u00edklady<\/b><span style=\"font-weight: 400;\"> \u2013 Kurz klade d\u016fraz na praktick\u00e9 procvi\u010dov\u00e1n\u00ed a pr\u00e1ci v programu Pohoda, abyste si nov\u00e9 znalosti snadno osvojili a dok\u00e1zali je aplikovat v praxi.<\/span><\/li>\n<\/ul>\n<h2><span class=\"ez-toc-section\" id=\"Personalistika\"><\/span><span style=\"font-weight: 400;\">Personalistika<\/span><span class=\"ez-toc-section-end\"><\/span><\/h2>\n<p><b>Pro koho je kurz ur\u010den:<\/b><\/p>\n<ul>\n<li style=\"font-weight: 400;\" aria-level=\"1\"><span style=\"font-weight: 400;\">P\u0159ev\u00e1\u017en\u011b pro \u00fapln\u00e9 za\u010d\u00e1te\u010dn\u00edky, ale tak\u00e9 pro ty, kte\u0159\u00ed ji\u017e maj\u00ed n\u011bjak\u00e9 z\u00e1klady a cht\u011bj\u00ed si sv\u00e9 znalosti z oblasti personalistiky roz\u0161\u00ed\u0159it.<\/span><\/li>\n<li style=\"font-weight: 400;\" aria-level=\"1\"><span style=\"font-weight: 400;\">Pro ty, kte\u0159\u00ed hledaj\u00ed uplatn\u011bn\u00ed v rychle se rozv\u00edjej\u00edc\u00edm oboru, bav\u00ed je pr\u00e1ce s lidmi a r\u00e1di na sob\u011b pracuj\u00ed.<\/span><\/li>\n<li style=\"font-weight: 400;\" aria-level=\"1\"><span style=\"font-weight: 400;\">Pro ka\u017ed\u00e9ho, kdo chce z\u00edskat certifikovan\u00e9 osv\u011bd\u010den\u00ed o rekvalifikaci, kter\u00e9 je akreditov\u00e1no <a href=\"https:\/\/orangeacademy.cz\/clanky\/jsem-v-kurzu-dotacni-program-od-uradu-prace\/\" target=\"_blank\" rel=\"noopener\">M\u0160MT \u010cR a m\u00e1 celost\u00e1tn\u00ed platnost.<\/a><\/span><\/li>\n<\/ul>\n<span class='mb-center maxbutton-3-center'><span class='maxbutton-3-container mb-container'><a class=\"maxbutton-3 maxbutton maxbutton-rekvalifikacni-kurzy\" target=\"_blank\" title=\"Rekvalifika\u010dn\u00ed kurzy\" rel=\"noopener\" href=\"https:\/\/orangeacademy.cz\/rekvalifikacni-kurzy\"><span class='mb-text'>Pod\u00edvejte se na rekvalifika\u010dn\u00ed kurzy<\/span><\/a><\/span><\/span>\n<h2><span class=\"ez-toc-section\" id=\"Proc_si_vybrat_nas_rekvalifikacni_kurz_Personalistiky\"><\/span><span style=\"font-weight: 400;\">Pro\u010d si vybrat n\u00e1\u0161 rekvalifika\u010dn\u00ed kurz Personalistiky?<\/span><span class=\"ez-toc-section-end\"><\/span><\/h2>\n<ul>\n<li style=\"font-weight: 400;\" aria-level=\"1\"><b>Velk\u00e1 popt\u00e1vka po personalistech <\/b><span style=\"font-weight: 400;\">\u2013 Tento obor za\u017e\u00edv\u00e1 v posledn\u00edch letech opravdov\u00fd boom, a podle port\u00e1lu jobs.cz je personalista druhou nej\u017e\u00e1dan\u011bj\u0161\u00ed pozic\u00ed.<\/span><\/li>\n<li style=\"font-weight: 400;\" aria-level=\"1\"><b>Firmy hledaj\u00ed odborn\u00edky na person\u00e1ln\u00ed pr\u00e1ci<\/b><span style=\"font-weight: 400;\"> \u2013 Firmy \u010del\u00ed pot\u0159eb\u011b rychl\u00e9ho n\u00e1boru nov\u00fdch pracovn\u00edk\u016f, co\u017e znamen\u00e1 velkou popt\u00e1vku po kvalifikovan\u00fdch personalistech.<\/span><\/li>\n<li style=\"font-weight: 400;\" aria-level=\"1\"><b>Nau\u010d\u00edte se komplexn\u011b \u0159\u00eddit person\u00e1ln\u00ed agendu <\/b><span style=\"font-weight: 400;\">\u2013 Od n\u00e1boru nov\u00fdch zam\u011bstnanc\u016f a\u017e po ukon\u010den\u00ed pracovn\u00edho pom\u011bru. Kurz v\u00e1s provede cel\u00fdm procesem.<\/span><\/li>\n<li style=\"font-weight: 400;\" aria-level=\"1\"><b>Zaj\u00edmav\u00e1 a perspektivn\u00ed pr\u00e1ce <\/b><span style=\"font-weight: 400;\">\u2013 Personalistika je rychle se rozv\u00edjej\u00edc\u00ed obor, kter\u00fd nab\u00edz\u00ed spoustu mo\u017enost\u00ed pro ty, kdo se cht\u011bj\u00ed v\u011bnovat pr\u00e1ci s lidmi.<\/span><\/li>\n<li style=\"font-weight: 400;\" aria-level=\"1\"><b>Podpora i po dokon\u010den\u00ed kurzu <\/b><span style=\"font-weight: 400;\">\u2013 Po absolvov\u00e1n\u00ed kurzu budete m\u00edt p\u0159\u00edstup do uzav\u0159en\u00e9 Facebookov\u00e9 skupiny, kde m\u016f\u017eete sd\u00edlet sv\u00e9 zku\u0161enosti a poradit se s ostatn\u00edmi \u00fa\u010dastn\u00edky.<\/span><\/li>\n<\/ul>\n<h2><span class=\"ez-toc-section\" id=\"Proc_si_vybrat_Orange_Academy\"><\/span><span style=\"font-weight: 400;\">Pro\u010d si vybrat Orange Academy?<\/span><span class=\"ez-toc-section-end\"><\/span><\/h2>\n<ul>\n<li style=\"font-weight: 400;\" aria-level=\"1\"><b>Dlouholet\u00e1 tradice<\/b><span style=\"font-weight: 400;\"> \u2013 kurzy po\u0159\u00e1daj\u00ed od roku 1990.<\/span><\/li>\n<li style=\"font-weight: 400;\" aria-level=\"1\"><b>Praktick\u00e1 v\u00fduka<\/b><span style=\"font-weight: 400;\"> \u2013 d\u016fraz na re\u00e1ln\u00e9 p\u0159\u00edklady a interaktivn\u00ed p\u0159\u00edstup.<\/span><\/li>\n<li style=\"font-weight: 400;\" aria-level=\"1\"><b>Prov\u011b\u0159en\u00e1 u\u010debnice <\/b><span style=\"font-weight: 400;\">\u2013 U\u010debnice vytvo\u0159en\u00e1 odborn\u00edky Orange Academy, kter\u00e1 je zalo\u017eena na praktick\u00fdch p\u0159\u00edkladech z oblasti personalistiky.<\/span><\/li>\n<li style=\"font-weight: 400;\" aria-level=\"1\"><b>E-learningov\u00e1 platforma<\/b><span style=\"font-weight: 400;\"> \u2013 Z\u00edsk\u00e1te p\u0159\u00edstup k e-learningu, kde si m\u016f\u017eete procvi\u010dovat roz\u0161i\u0159uj\u00edc\u00ed p\u0159\u00edklady, ov\u011b\u0159ovat sv\u00e9 znalosti pomoc\u00ed test\u016f a komunikovat s lektory.<\/span><\/li>\n<li style=\"font-weight: 400;\" aria-level=\"1\"><b>Ro\u010dn\u00ed p\u0159\u00edstup k videokurz\u016fm <\/b><span style=\"font-weight: 400;\">\u2013 K dispozici budete m\u00edt videa na t\u00e9mata Personalistika online, kter\u00e9 v\u00e1m pomohou l\u00e9pe pochopit teoretick\u00e9 z\u00e1klady a aplikace v praxi.<\/span><\/li>\n<li style=\"font-weight: 400;\" aria-level=\"1\"><b>Modern\u00ed e-learning <\/b><span style=\"font-weight: 400;\">\u2013 mo\u017enost studovat online a procvi\u010dovat si l\u00e1tku kdykoliv.<\/span><\/li>\n<li style=\"font-weight: 400;\" aria-level=\"1\"><b>Mo\u017enost \u00fahrady \u00da\u0159adem pr\u00e1ce<\/b> \u2013 vybran\u00e9 kurzy lze financovat p\u0159es \u00daP.<\/li>\n<\/ul>\n","protected":false},"excerpt":{"rendered":"<p>Orange Academy p\u016fsob\u00ed na \u010desk\u00e9m trhu u\u017e od roku 1990 a dnes m\u00e1 pobo\u010dky ve v\u00edce ne\u017e 40 m\u011bstech po cel\u00e9 republice. Nab\u00edz\u00ed nejen akreditovan\u00e9 rekvalifika\u010dn\u00ed kurzy, ale tak\u00e9 v\u00fduku ciz\u00edch jazyk\u016f. Lekto\u0159i kombinuj\u00ed teoretick\u00e9 znalosti s praktick\u00fdmi zku\u0161enostmi z oboru, co\u017e absolventi velmi oce\u0148uj\u00ed. Pro koho jsou kurzy ur\u010deny? Rekvalifikace je skv\u011blou p\u0159\u00edle\u017eitost\u00ed, jak [&hellip;]<\/p>\n","protected":false},"author":14,"featured_media":1852,"comment_status":"open","ping_status":"open","sticky":false,"template":"","format":"standard","meta":{"_et_pb_use_builder":"","_et_pb_old_content":"","_et_gb_content_width":"","footnotes":""},"categories":[20,9],"tags":[34,6,24,32,36],"class_list":["post-1851","post","type-post","status-publish","format-standard","has-post-thumbnail","hentry","category-prace-a-kariera","category-vzdelavani","tag-lepsi-prace","tag-nabidka-kurzu","tag-nova-prace","tag-rekvalifikace","tag-vzdelavaci-kurzy"],"yoast_head":"<!-- This site is optimized with the Yoast SEO plugin v27.5 - https:\/\/yoast.com\/product\/yoast-seo-wordpress\/ -->\n<title>Jak\u00e9 rekvalifika\u010dn\u00ed kurzy po\u0159\u00e1d\u00e1me v Brn\u011b?<\/title>\n<meta name=\"description\" content=\"Orange Academy poskytuje rekvalifika\u010dn\u00ed kurzy t\u00e9m\u011b\u0159 30 let. V Brn\u011b vypisuje kurz \u00fa\u010detnictv\u00ed nebo mzdov\u00e9ho \u00fa\u010detnictv\u00ed. Pod\u00edvejte se, co se v nich nau\u010d\u00edte.\" \/>\n<meta name=\"robots\" content=\"index, follow, max-snippet:-1, max-image-preview:large, max-video-preview:-1\" \/>\n<link rel=\"canonical\" href=\"https:\/\/orangeacademy.cz\/clanky\/rekvalifikacni-kurzy-brno\/\" \/>\n<meta property=\"og:locale\" content=\"cs_CZ\" \/>\n<meta property=\"og:type\" content=\"article\" \/>\n<meta property=\"og:title\" content=\"Jak\u00e9 rekvalifika\u010dn\u00ed kurzy po\u0159\u00e1d\u00e1me v Brn\u011b?\" \/>\n<meta property=\"og:description\" content=\"Orange Academy poskytuje rekvalifika\u010dn\u00ed kurzy t\u00e9m\u011b\u0159 30 let. V Brn\u011b vypisuje kurz \u00fa\u010detnictv\u00ed nebo mzdov\u00e9ho \u00fa\u010detnictv\u00ed. Pod\u00edvejte se, co se v nich nau\u010d\u00edte.\" \/>\n<meta property=\"og:url\" content=\"https:\/\/orangeacademy.cz\/clanky\/rekvalifikacni-kurzy-brno\/\" \/>\n<meta property=\"og:site_name\" content=\"Blog Orange Academy\" \/>\n<meta property=\"article:publisher\" content=\"https:\/\/www.facebook.com\/OrangeAcademy.sro\" \/>\n<meta property=\"article:published_time\" content=\"2025-10-29T08:35:40+00:00\" \/>\n<meta property=\"article:modified_time\" content=\"2025-11-13T10:59:25+00:00\" \/>\n<meta property=\"og:image\" content=\"https:\/\/orangeacademy.cz\/clanky\/wp-content\/uploads\/2020\/02\/rekvalifikace_brno.jpeg\" \/>\n\t<meta property=\"og:image:width\" content=\"1917\" \/>\n\t<meta property=\"og:image:height\" content=\"1280\" \/>\n\t<meta property=\"og:image:type\" content=\"image\/jpeg\" \/>\n<meta name=\"author\" content=\"Tereza Mal\u00edkov\u00e1\" \/>\n<meta name=\"twitter:card\" content=\"summary_large_image\" \/>\n<meta name=\"twitter:label1\" content=\"Napsal(a)\" \/>\n\t<meta name=\"twitter:data1\" content=\"Tereza Mal\u00edkov\u00e1\" \/>\n\t<meta name=\"twitter:label2\" content=\"Odhadovan\u00e1 doba \u010dten\u00ed\" \/>\n\t<meta name=\"twitter:data2\" content=\"6 minut\" \/>\n<!-- \/ Yoast SEO plugin. -->","yoast_head_json":{"title":"Jak\u00e9 rekvalifika\u010dn\u00ed kurzy po\u0159\u00e1d\u00e1me v Brn\u011b?","description":"Orange Academy poskytuje rekvalifika\u010dn\u00ed kurzy t\u00e9m\u011b\u0159 30 let. V Brn\u011b vypisuje kurz \u00fa\u010detnictv\u00ed nebo mzdov\u00e9ho \u00fa\u010detnictv\u00ed. Pod\u00edvejte se, co se v nich nau\u010d\u00edte.","robots":{"index":"index","follow":"follow","max-snippet":"max-snippet:-1","max-image-preview":"max-image-preview:large","max-video-preview":"max-video-preview:-1"},"canonical":"https:\/\/orangeacademy.cz\/clanky\/rekvalifikacni-kurzy-brno\/","og_locale":"cs_CZ","og_type":"article","og_title":"Jak\u00e9 rekvalifika\u010dn\u00ed kurzy po\u0159\u00e1d\u00e1me v Brn\u011b?","og_description":"Orange Academy poskytuje rekvalifika\u010dn\u00ed kurzy t\u00e9m\u011b\u0159 30 let. V Brn\u011b vypisuje kurz \u00fa\u010detnictv\u00ed nebo mzdov\u00e9ho \u00fa\u010detnictv\u00ed. Pod\u00edvejte se, co se v nich nau\u010d\u00edte.","og_url":"https:\/\/orangeacademy.cz\/clanky\/rekvalifikacni-kurzy-brno\/","og_site_name":"Blog Orange Academy","article_publisher":"https:\/\/www.facebook.com\/OrangeAcademy.sro","article_published_time":"2025-10-29T08:35:40+00:00","article_modified_time":"2025-11-13T10:59:25+00:00","og_image":[{"width":1917,"height":1280,"url":"https:\/\/orangeacademy.cz\/clanky\/wp-content\/uploads\/2020\/02\/rekvalifikace_brno.jpeg","type":"image\/jpeg"}],"author":"Tereza Mal\u00edkov\u00e1","twitter_card":"summary_large_image","twitter_misc":{"Napsal(a)":"Tereza Mal\u00edkov\u00e1","Odhadovan\u00e1 doba \u010dten\u00ed":"6 minut"},"schema":{"@context":"https:\/\/schema.org","@graph":[{"@type":"Article","@id":"https:\/\/orangeacademy.cz\/clanky\/rekvalifikacni-kurzy-brno\/#article","isPartOf":{"@id":"https:\/\/orangeacademy.cz\/clanky\/rekvalifikacni-kurzy-brno\/"},"author":{"name":"Tereza Mal\u00edkov\u00e1","@id":"https:\/\/orangeacademy.cz\/clanky\/#\/schema\/person\/4ffd8469465f64a0746bdedcf094510e"},"headline":"Jak\u00e9 rekvalifika\u010dn\u00ed kurzy po\u0159\u00e1d\u00e1me v Brn\u011b?","datePublished":"2025-10-29T08:35:40+00:00","dateModified":"2025-11-13T10:59:25+00:00","mainEntityOfPage":{"@id":"https:\/\/orangeacademy.cz\/clanky\/rekvalifikacni-kurzy-brno\/"},"wordCount":1236,"commentCount":0,"image":{"@id":"https:\/\/orangeacademy.cz\/clanky\/rekvalifikacni-kurzy-brno\/#primaryimage"},"thumbnailUrl":"https:\/\/orangeacademy.cz\/clanky\/wp-content\/uploads\/2020\/02\/rekvalifikace_brno.jpeg","keywords":["Lep\u0161\u00ed pr\u00e1ce","Nab\u00eddka kurz\u016f","Nov\u00e1 pr\u00e1ce","Rekvalifikace","Vzd\u011bl\u00e1vac\u00ed kurzy"],"articleSection":["Pr\u00e1ce a kari\u00e9ra","Vzd\u011bl\u00e1v\u00e1n\u00ed"],"inLanguage":"cs","potentialAction":[{"@type":"CommentAction","name":"Comment","target":["https:\/\/orangeacademy.cz\/clanky\/rekvalifikacni-kurzy-brno\/#respond"]}]},{"@type":"WebPage","@id":"https:\/\/orangeacademy.cz\/clanky\/rekvalifikacni-kurzy-brno\/","url":"https:\/\/orangeacademy.cz\/clanky\/rekvalifikacni-kurzy-brno\/","name":"Jak\u00e9 rekvalifika\u010dn\u00ed kurzy po\u0159\u00e1d\u00e1me v Brn\u011b?","isPartOf":{"@id":"https:\/\/orangeacademy.cz\/clanky\/#website"},"primaryImageOfPage":{"@id":"https:\/\/orangeacademy.cz\/clanky\/rekvalifikacni-kurzy-brno\/#primaryimage"},"image":{"@id":"https:\/\/orangeacademy.cz\/clanky\/rekvalifikacni-kurzy-brno\/#primaryimage"},"thumbnailUrl":"https:\/\/orangeacademy.cz\/clanky\/wp-content\/uploads\/2020\/02\/rekvalifikace_brno.jpeg","datePublished":"2025-10-29T08:35:40+00:00","dateModified":"2025-11-13T10:59:25+00:00","author":{"@id":"https:\/\/orangeacademy.cz\/clanky\/#\/schema\/person\/4ffd8469465f64a0746bdedcf094510e"},"description":"Orange Academy poskytuje rekvalifika\u010dn\u00ed kurzy t\u00e9m\u011b\u0159 30 let. V Brn\u011b vypisuje kurz \u00fa\u010detnictv\u00ed nebo mzdov\u00e9ho \u00fa\u010detnictv\u00ed. Pod\u00edvejte se, co se v nich nau\u010d\u00edte.","breadcrumb":{"@id":"https:\/\/orangeacademy.cz\/clanky\/rekvalifikacni-kurzy-brno\/#breadcrumb"},"inLanguage":"cs","potentialAction":[{"@type":"ReadAction","target":["https:\/\/orangeacademy.cz\/clanky\/rekvalifikacni-kurzy-brno\/"]}]},{"@type":"ImageObject","inLanguage":"cs","@id":"https:\/\/orangeacademy.cz\/clanky\/rekvalifikacni-kurzy-brno\/#primaryimage","url":"https:\/\/orangeacademy.cz\/clanky\/wp-content\/uploads\/2020\/02\/rekvalifikace_brno.jpeg","contentUrl":"https:\/\/orangeacademy.cz\/clanky\/wp-content\/uploads\/2020\/02\/rekvalifikace_brno.jpeg","width":1917,"height":1280,"caption":"rekvalifika\u010dn\u00ed kurzy brno"},{"@type":"BreadcrumbList","@id":"https:\/\/orangeacademy.cz\/clanky\/rekvalifikacni-kurzy-brno\/#breadcrumb","itemListElement":[{"@type":"ListItem","position":1,"name":"Home","item":"https:\/\/orangeacademy.cz\/clanky\/"},{"@type":"ListItem","position":2,"name":"Jak\u00e9 rekvalifika\u010dn\u00ed kurzy po\u0159\u00e1d\u00e1me v Brn\u011b?"}]},{"@type":"WebSite","@id":"https:\/\/orangeacademy.cz\/clanky\/#website","url":"https:\/\/orangeacademy.cz\/clanky\/","name":"Blog Orange Academy","description":"Kurzy, rekvalifikace, lep\u0161\u00ed pr\u00e1ce i \u017eivot","potentialAction":[{"@type":"SearchAction","target":{"@type":"EntryPoint","urlTemplate":"https:\/\/orangeacademy.cz\/clanky\/?s={search_term_string}"},"query-input":{"@type":"PropertyValueSpecification","valueRequired":true,"valueName":"search_term_string"}}],"inLanguage":"cs"},{"@type":"Person","@id":"https:\/\/orangeacademy.cz\/clanky\/#\/schema\/person\/4ffd8469465f64a0746bdedcf094510e","name":"Tereza Mal\u00edkov\u00e1","image":{"@type":"ImageObject","inLanguage":"cs","@id":"https:\/\/secure.gravatar.com\/avatar\/0428bf3da72e3ab3df79c9f2997f275a3d67911de1bb6f0e1f4b4ab2f1fa68b9?s=96&d=wavatar&r=g","url":"https:\/\/secure.gravatar.com\/avatar\/0428bf3da72e3ab3df79c9f2997f275a3d67911de1bb6f0e1f4b4ab2f1fa68b9?s=96&d=wavatar&r=g","contentUrl":"https:\/\/secure.gravatar.com\/avatar\/0428bf3da72e3ab3df79c9f2997f275a3d67911de1bb6f0e1f4b4ab2f1fa68b9?s=96&d=wavatar&r=g","caption":"Tereza Mal\u00edkov\u00e1"},"url":"https:\/\/orangeacademy.cz\/clanky\/author\/drbohlavova\/"}]}},"_links":{"self":[{"href":"https:\/\/orangeacademy.cz\/clanky\/wp-json\/wp\/v2\/posts\/1851","targetHints":{"allow":["GET"]}}],"collection":[{"href":"https:\/\/orangeacademy.cz\/clanky\/wp-json\/wp\/v2\/posts"}],"about":[{"href":"https:\/\/orangeacademy.cz\/clanky\/wp-json\/wp\/v2\/types\/post"}],"author":[{"embeddable":true,"href":"https:\/\/orangeacademy.cz\/clanky\/wp-json\/wp\/v2\/users\/14"}],"replies":[{"embeddable":true,"href":"https:\/\/orangeacademy.cz\/clanky\/wp-json\/wp\/v2\/comments?post=1851"}],"version-history":[{"count":12,"href":"https:\/\/orangeacademy.cz\/clanky\/wp-json\/wp\/v2\/posts\/1851\/revisions"}],"predecessor-version":[{"id":10766,"href":"https:\/\/orangeacademy.cz\/clanky\/wp-json\/wp\/v2\/posts\/1851\/revisions\/10766"}],"wp:featuredmedia":[{"embeddable":true,"href":"https:\/\/orangeacademy.cz\/clanky\/wp-json\/wp\/v2\/media\/1852"}],"wp:attachment":[{"href":"https:\/\/orangeacademy.cz\/clanky\/wp-json\/wp\/v2\/media?parent=1851"}],"wp:term":[{"taxonomy":"category","embeddable":true,"href":"https:\/\/orangeacademy.cz\/clanky\/wp-json\/wp\/v2\/categories?post=1851"},{"taxonomy":"post_tag","embeddable":true,"href":"https:\/\/orangeacademy.cz\/clanky\/wp-json\/wp\/v2\/tags?post=1851"}],"curies":[{"name":"wp","href":"https:\/\/api.w.org\/{rel}","templated":true}]}}