{"id":1641,"date":"2024-12-30T08:10:20","date_gmt":"2024-12-30T07:10:20","guid":{"rendered":"https:\/\/orangeacademy.cz\/clanky\/?p=1641"},"modified":"2025-02-14T16:02:55","modified_gmt":"2025-02-14T15:02:55","slug":"co-je-pedagogicke-minimum","status":"publish","type":"post","link":"https:\/\/orangeacademy.cz\/clanky\/co-je-pedagogicke-minimum\/","title":{"rendered":"Co je pedagogick\u00e9 minimum a kde ho z\u00edskat?"},"content":{"rendered":"<p><b>L\u00e1k\u00e1 v\u00e1s kari\u00e9ra u\u010ditele? Nem\u00e1te v\u0161ak pot\u0159ebn\u00fd diplom? Existuje jednoduch\u00fd a relativn\u011b rychl\u00fd zp\u016fsob, jak z\u00edskat pot\u0159ebn\u00e9 vzd\u011bl\u00e1n\u00ed. Tento zp\u016fsob se naz\u00fdv\u00e1 pedagogick\u00e9 minimum. Tento dopl\u0148uj\u00edc\u00ed kurz pedagogiky lze snadno skloubit s va\u0161\u00ed sou\u010dasnou prac\u00ed. Co takov\u00e9 studium zahrnuje, jak\u00e9 programy jsou k dispozici a kde se m\u016f\u017eete p\u0159ihl\u00e1sit? To se dozv\u00edte v n\u00e1sleduj\u00edc\u00edch \u0159\u00e1dc\u00edch.<\/b><\/p>\n<div id=\"ez-toc-container\" class=\"ez-toc-v2_0_82_2 counter-hierarchy ez-toc-counter ez-toc-custom ez-toc-container-direction\">\n<p class=\"ez-toc-title\" style=\"cursor:inherit\">Obsah<\/p>\n<label for=\"ez-toc-cssicon-toggle-item-69f3f12b8b64a\" class=\"ez-toc-cssicon-toggle-label\"><span class=\"\"><span class=\"eztoc-hide\" style=\"display:none;\">Toggle<\/span><span class=\"ez-toc-icon-toggle-span\"><svg style=\"fill: #666666;color:#666666\" xmlns=\"http:\/\/www.w3.org\/2000\/svg\" class=\"list-377408\" width=\"20px\" height=\"20px\" viewBox=\"0 0 24 24\" fill=\"none\"><path d=\"M6 6H4v2h2V6zm14 0H8v2h12V6zM4 11h2v2H4v-2zm16 0H8v2h12v-2zM4 16h2v2H4v-2zm16 0H8v2h12v-2z\" fill=\"currentColor\"><\/path><\/svg><svg style=\"fill: #666666;color:#666666\" class=\"arrow-unsorted-368013\" xmlns=\"http:\/\/www.w3.org\/2000\/svg\" width=\"10px\" height=\"10px\" viewBox=\"0 0 24 24\" version=\"1.2\" baseProfile=\"tiny\"><path d=\"M18.2 9.3l-6.2-6.3-6.2 6.3c-.2.2-.3.4-.3.7s.1.5.3.7c.2.2.4.3.7.3h11c.3 0 .5-.1.7-.3.2-.2.3-.5.3-.7s-.1-.5-.3-.7zM5.8 14.7l6.2 6.3 6.2-6.3c.2-.2.3-.5.3-.7s-.1-.5-.3-.7c-.2-.2-.4-.3-.7-.3h-11c-.3 0-.5.1-.7.3-.2.2-.3.5-.3.7s.1.5.3.7z\"\/><\/svg><\/span><\/span><\/label><input type=\"checkbox\"  id=\"ez-toc-cssicon-toggle-item-69f3f12b8b64a\"  aria-label=\"Toggle\" \/><nav><ul class='ez-toc-list ez-toc-list-level-1 ' ><li class='ez-toc-page-1 ez-toc-heading-level-2'><a class=\"ez-toc-link ez-toc-heading-1\" href=\"https:\/\/orangeacademy.cz\/clanky\/co-je-pedagogicke-minimum\/#Co_je_pedagogicke_minimum\" >Co je pedagogick\u00e9 minimum?<\/a><\/li><li class='ez-toc-page-1 ez-toc-heading-level-2'><a class=\"ez-toc-link ez-toc-heading-2\" href=\"https:\/\/orangeacademy.cz\/clanky\/co-je-pedagogicke-minimum\/#Jak_nejrychleji_ziskat_pedagogicke_minimum\" >Jak nejrychleji z\u00edskat pedagogick\u00e9 minimum?<\/a><\/li><li class='ez-toc-page-1 ez-toc-heading-level-2'><a class=\"ez-toc-link ez-toc-heading-3\" href=\"https:\/\/orangeacademy.cz\/clanky\/co-je-pedagogicke-minimum\/#Ucitelske_minimum\" >U\u010ditelsk\u00e9 minimum<\/a><\/li><li class='ez-toc-page-1 ez-toc-heading-level-2'><a class=\"ez-toc-link ez-toc-heading-4\" href=\"https:\/\/orangeacademy.cz\/clanky\/co-je-pedagogicke-minimum\/#Kde_studovat_pedagogicke_minimum\" >Kde studovat pedagogick\u00e9 minimum?<\/a><\/li><li class='ez-toc-page-1 ez-toc-heading-level-2'><a class=\"ez-toc-link ez-toc-heading-5\" href=\"https:\/\/orangeacademy.cz\/clanky\/co-je-pedagogicke-minimum\/#Pedagogicke_minimum_dalkove\" >Pedagogick\u00e9 minimum d\u00e1lkov\u011b<\/a><\/li><li class='ez-toc-page-1 ez-toc-heading-level-2'><a class=\"ez-toc-link ez-toc-heading-6\" href=\"https:\/\/orangeacademy.cz\/clanky\/co-je-pedagogicke-minimum\/#Rekvalifikacni_kurz_pedagogicke_minimum_pro_materske_skoly\" >Rekvalifika\u010dn\u00ed kurz pedagogick\u00e9 minimum pro mate\u0159sk\u00e9 \u0161koly<\/a><\/li><\/ul><\/nav><\/div>\n<h2><span class=\"ez-toc-section\" id=\"Co_je_pedagogicke_minimum\"><\/span><span style=\"font-weight: 400;\">Co je pedagogick\u00e9 minimum?<\/span><span class=\"ez-toc-section-end\"><\/span><\/h2>\n<p><span style=\"font-weight: 400;\">Pedagogick\u00e9 minimum je <strong>forma celo\u017eivotn\u00edho vzd\u011bl\u00e1v\u00e1n\u00ed, kter\u00e1 poskytuje z\u00e1kladn\u00ed pedagogick\u00e9 znalosti a dovednosti<\/strong> pot\u0159ebn\u00e9 pro pr\u00e1ci ve vzd\u011bl\u00e1v\u00e1n\u00ed. Tento kurz zahrnuje p\u0159edm\u011bty jako psychologie, sociologie, r\u00e9torika, etika, metodika v\u00fduky a dal\u0161\u00ed praktick\u00e9 p\u0159edm\u011bty zam\u011b\u0159en\u00e9 na tvorbu osnov a pr\u00e1ci s vyu\u010dovac\u00edmi pom\u016fckami.<\/span><\/p>\n<p><span style=\"font-weight: 400;\">Kurz m\u016f\u017ee trvat od 20 do 300 hodin, co\u017e odpov\u00edd\u00e1 jednomu semestru a\u017e dv\u011bma let\u016fm studia. Po jeho absolvov\u00e1n\u00ed z\u00edsk\u00e1te <strong>osv\u011bd\u010den\u00ed o u\u010ditelsk\u00e9 zp\u016fsobilosti.<\/strong> Pedagogick\u00e9 minimum m\u016f\u017eete absolvovat na vysok\u00fdch \u0161kol\u00e1ch nebo u soukrom\u00fdch vzd\u011bl\u00e1vac\u00edch instituc\u00ed.<\/span><\/p>\n<p><span style=\"font-weight: 400;\">Pedagogick\u00e9 minimum nab\u00edz\u00ed n\u011bkolik v\u00fdhod:<\/span><\/p>\n<ol>\n<li style=\"font-weight: 400;\" aria-level=\"1\"><b>Z\u00edsk\u00e1n\u00ed z\u00e1kladn\u00edch pedagogick\u00fdch dovednost\u00ed<\/b><span style=\"font-weight: 400;\">: Nau\u010d\u00edte se, jak efektivn\u011b u\u010dit, komunikovat se studenty a vytv\u00e1\u0159et v\u00fdukov\u00e9 pl\u00e1ny.<\/span><\/li>\n<li style=\"font-weight: 400;\" aria-level=\"1\"><b>Zv\u00fd\u0161en\u00ed kvalifikace<\/b><span style=\"font-weight: 400;\">: Absolvov\u00e1n\u00ed kurzu v\u00e1m m\u016f\u017ee otev\u0159\u00edt dve\u0159e k nov\u00fdm pracovn\u00edm p\u0159\u00edle\u017eitostem ve vzd\u011bl\u00e1v\u00e1n\u00ed.<\/span><\/li>\n<li style=\"font-weight: 400;\" aria-level=\"1\"><b>Flexibilita<\/b><span style=\"font-weight: 400;\">: Kurzy jsou \u010dasto nab\u00edzeny v r\u016fzn\u00fdch form\u00e1tech, v\u010detn\u011b online, co\u017e umo\u017e\u0148uje studium p\u0159i pr\u00e1ci.<\/span><\/li>\n<li style=\"font-weight: 400;\" aria-level=\"1\"><b>Osobn\u00ed rozvoj<\/b><span style=\"font-weight: 400;\">: Z\u00edsk\u00e1te hlub\u0161\u00ed porozum\u011bn\u00ed psychologii a sociologii, co\u017e m\u016f\u017ee b\u00fdt u\u017eite\u010dn\u00e9 i mimo \u0161koln\u00ed prost\u0159ed\u00ed.<\/span><\/li>\n<li style=\"font-weight: 400;\" aria-level=\"1\"><b>Praktick\u00e9 zku\u0161enosti<\/b><span style=\"font-weight: 400;\">: Mnoho kurz\u016f zahrnuje praktick\u00e9 cvi\u010den\u00ed a st\u00e1\u017ee, kter\u00e9 v\u00e1m umo\u017en\u00ed z\u00edskat re\u00e1ln\u00e9 zku\u0161enosti ve t\u0159\u00edd\u011b.<\/span><\/li>\n<\/ol>\n<span class='mb-center maxbutton-4-center'><span class='maxbutton-4-container mb-container'><a class=\"maxbutton-4 maxbutton maxbutton-rekvalifikacni-kurzy-2\" target=\"_blank\" title=\"Rekvalifika\u010dn\u00ed kurzy\" rel=\"noopener\" href=\"https:\/\/orangeacademy.cz\/rekvalifikacni-kurzy\"><span class='mb-text'>Studujte rekvalifika\u010dn\u00ed kurzy<\/span><\/a><\/span><\/span>\n<h2><span class=\"ez-toc-section\" id=\"Jak_nejrychleji_ziskat_pedagogicke_minimum\"><\/span><span style=\"font-weight: 400;\">Jak nejrychleji z\u00edskat pedagogick\u00e9 minimum?<\/span><span class=\"ez-toc-section-end\"><\/span><\/h2>\n<p><span style=\"font-weight: 400;\">Nejrychlej\u0161\u00ed zp\u016fsob, jak z\u00edskat pedagogick\u00e9 minimum, je absolvovat intenzivn\u00ed kurz, kter\u00fd je \u010dasto nab\u00edzen v zkr\u00e1cen\u00e9 form\u011b. Zde jsou n\u011bkter\u00e9 kroky, kter\u00e9 v\u00e1m mohou pomoci:<\/span><\/p>\n<ol>\n<li style=\"font-weight: 400;\" aria-level=\"1\"><b>Vyberte si akreditovan\u00fd kurz<\/b><span style=\"font-weight: 400;\">: Hledejte kurzy, kter\u00e9 jsou schv\u00e1len\u00e9 Ministerstvem \u0161kolstv\u00ed. Tyto kurzy mohou b\u00fdt nab\u00edzeny vysok\u00fdmi \u0161kolami nebo soukrom\u00fdmi vzd\u011bl\u00e1vac\u00edmi institucemi.<\/span><\/li>\n<li style=\"font-weight: 400;\" aria-level=\"1\"><b>Zvolte intenzivn\u00ed formu studia<\/b><span style=\"font-weight: 400;\">: N\u011bkter\u00e9 instituce nab\u00edzej\u00ed zrychlen\u00e9 kurzy, kter\u00e9 mohou trvat jen n\u011bkolik t\u00fddn\u016f nebo m\u011bs\u00edc\u016f. Tyto kurzy jsou \u010dasto velmi intenzivn\u00ed a vy\u017eaduj\u00ed pln\u00e9 nasazen\u00ed.<\/span><\/li>\n<li style=\"font-weight: 400;\" aria-level=\"1\"><b>Online kurzy<\/b><span style=\"font-weight: 400;\">: Pokud m\u00e1te omezen\u00fd \u010das, zva\u017ete online kurzy, kter\u00e9 mohou b\u00fdt flexibiln\u011bj\u0161\u00ed a umo\u017e\u0148uj\u00ed studium z domova.<\/span><\/li>\n<li style=\"font-weight: 400;\" aria-level=\"1\"><b>Praxe<\/b><span style=\"font-weight: 400;\">: N\u011bkter\u00e9 kurzy zahrnuj\u00ed praktickou \u010d\u00e1st, kterou m\u016f\u017eete absolvovat v r\u00e1mci sv\u00e9ho sou\u010dasn\u00e9ho zam\u011bstn\u00e1n\u00ed nebo jako st\u00e1\u017e.<\/span><\/li>\n<\/ol>\n<div id=\"attachment_10082\" style=\"width: 940px\" class=\"wp-caption alignnone\"><img loading=\"lazy\" decoding=\"async\" aria-describedby=\"caption-attachment-10082\" class=\"wp-image-10082 size-large\" src=\"https:\/\/orangeacademy.cz\/clanky\/wp-content\/uploads\/2025\/11\/pedagogicke_minimum-930x609.jpeg\" alt=\"pedagogick\u00e9 minimum\" width=\"930\" height=\"609\" \/><p id=\"caption-attachment-10082\" class=\"wp-caption-text\">Pedagogick\u00e9 minimum m\u016f\u017eete absolvovat na vysok\u00fdch \u0161kol\u00e1ch nebo u soukrom\u00fdch vzd\u011bl\u00e1vac\u00edch instituc\u00ed.<\/p><\/div>\n<h2><span class=\"ez-toc-section\" id=\"Ucitelske_minimum\"><\/span><span style=\"font-weight: 400;\">U\u010ditelsk\u00e9 minimum<\/span><span class=\"ez-toc-section-end\"><\/span><\/h2>\n<p><span style=\"font-weight: 400;\">U\u010ditelsk\u00e9 minimum zahrnuje n\u011bkolik kl\u00ed\u010dov\u00fdch oblast\u00ed, kter\u00e9 jsou d\u016fle\u017eit\u00e9 pro pr\u00e1ci ve vzd\u011bl\u00e1v\u00e1n\u00ed. Zde je p\u0159ehled hlavn\u00edch t\u00e9mat, kter\u00e1 jsou obvykle sou\u010d\u00e1st\u00ed tohoto kurzu:<\/span><\/p>\n<ul>\n<li><b>Psychologie<\/b><span style=\"font-weight: 400;\">: Z\u00e1klady d\u011btsk\u00e9 a v\u00fdvojov\u00e9 psychologie, kter\u00e9 pom\u00e1haj\u00ed porozum\u011bt chov\u00e1n\u00ed a pot\u0159eb\u00e1m d\u011bt\u00ed.<\/span><\/li>\n<li><b>Pedagogika<\/b><span style=\"font-weight: 400;\">: Teorie a metody v\u00fduky, v\u010detn\u011b didaktiky a metodiky.<\/span><\/li>\n<li><b>Sociologie<\/b><span style=\"font-weight: 400;\">: Studium soci\u00e1ln\u00edch vztah\u016f a dynamiky ve t\u0159\u00edd\u011b.<\/span><\/li>\n<li><b>R\u00e9torika a komunikace<\/b><span style=\"font-weight: 400;\">: Techniky efektivn\u00ed komunikace a prezentace.<\/span><\/li>\n<li><b>Etika<\/b><span style=\"font-weight: 400;\">: Z\u00e1klady etiky a profesn\u00ed odpov\u011bdnosti u\u010ditele.<\/span><\/li>\n<li><b>Metodika v\u00fduky<\/b><span style=\"font-weight: 400;\">: Praktick\u00e9 dovednosti pro pl\u00e1nov\u00e1n\u00ed a realizaci v\u00fduky, v\u010detn\u011b tvorby osnov a pr\u00e1ce s vyu\u010dovac\u00edmi pom\u016fckami.<\/span><\/li>\n<li><b>Bezpe\u010dnost pr\u00e1ce<\/b><span style=\"font-weight: 400;\">: Zaji\u0161t\u011bn\u00ed bezpe\u010dn\u00e9ho prost\u0159ed\u00ed pro studenty.<\/span><\/li>\n<li><b>Zdravov\u011bda<\/b><span style=\"font-weight: 400;\">: Z\u00e1klady prvn\u00ed pomoci a p\u00e9\u010de o zdrav\u00ed d\u011bt\u00ed.<\/span><\/li>\n<\/ul>\n<p><span style=\"font-weight: 400;\">Tyto kurzy mohou b\u00fdt nab\u00edzeny v r\u016fzn\u00fdch form\u00e1tech, <a href=\"https:\/\/orangeacademy.cz\/clanky\/jak-probiha-kombinovane-studium\/\" target=\"_blank\" rel=\"noopener\">v\u010detn\u011b prezen\u010dn\u00edho, d\u00e1lkov\u00e9ho a online studia,<\/a> a jejich d\u00e9lka se m\u016f\u017ee pohybovat od n\u011bkolika t\u00fddn\u016f do n\u011bkolika m\u011bs\u00edc\u016f.<\/span><\/p>\n<h2><span class=\"ez-toc-section\" id=\"Kde_studovat_pedagogicke_minimum\"><\/span><span style=\"font-weight: 400;\">Kde studovat pedagogick\u00e9 minimum?<\/span><span class=\"ez-toc-section-end\"><\/span><\/h2>\n<p><span style=\"font-weight: 400;\">Pedagogick\u00e9 minimum nab\u00edz\u00ed n\u011bkolik vysok\u00fdch \u0161kol a soukrom\u00fdch vzd\u011bl\u00e1vac\u00edch instituc\u00ed. <\/span><span style=\"font-weight: 400;\">Nejv\u00edce mo\u017enost\u00ed nab\u00edz\u00ed pedagogick\u00e9 minimum Praha \u2013 Univerzita Karlova, Vysok\u00e1 \u0161kola ekonomick\u00e1. \u010cesk\u00e1 zem\u011bd\u011blsk\u00e1 univerzita. Sv\u00e9 vzd\u011bl\u00e1n\u00ed m\u016f\u017eete absolvovat i v Brn\u011b na oboru pedagogick\u00e9 minimum Brno \u2013 Masarykova univerzita. Vzd\u011bl\u00e1n\u00ed nab\u00edz\u00ed i dal\u0161\u00ed m\u011bsta v \u010cR:<\/span><\/p>\n<ul>\n<li style=\"font-weight: 400;\" aria-level=\"1\"><b>Univerzita Palack\u00e9ho<\/b><span style=\"font-weight: 400;\"> \u2013 Olomouc<\/span><\/li>\n<li style=\"font-weight: 400;\" aria-level=\"1\"><b>Univerzita Hradec Kr\u00e1lov\u00e9<\/b><span style=\"font-weight: 400;\"> \u2013 Hradec Kr\u00e1lov\u00e9<\/span><\/li>\n<li style=\"font-weight: 400;\" aria-level=\"1\"><b>Z\u00e1pado\u010desk\u00e1 univerzita<\/b><span style=\"font-weight: 400;\"> \u2013 Plze\u0148<\/span><\/li>\n<li style=\"font-weight: 400;\" aria-level=\"1\"><b>Technick\u00e1 univerzita<\/b><span style=\"font-weight: 400;\"> \u2013 Liberec<\/span><\/li>\n<li style=\"font-weight: 400;\" aria-level=\"1\"><b>Univerzita Pardubice<\/b><span style=\"font-weight: 400;\"> \u2013 Pardubice<\/span><\/li>\n<li style=\"font-weight: 400;\" aria-level=\"1\"><b>Ostravsk\u00e1 univerzita<\/b><span style=\"font-weight: 400;\"> \u2013 Ostrava<\/span><\/li>\n<\/ul>\n<p><span style=\"font-weight: 400;\">Pod\u00edvejte se na jejich webov\u00e9 str\u00e1nky pro konkr\u00e9tn\u00ed informace o kurzech a podm\u00ednk\u00e1ch p\u0159ijet\u00ed.<\/span><\/p>\n<h2><span class=\"ez-toc-section\" id=\"Pedagogicke_minimum_dalkove\"><\/span><span style=\"font-weight: 400;\">Pedagogick\u00e9 minimum d\u00e1lkov\u011b<\/span><span class=\"ez-toc-section-end\"><\/span><\/h2>\n<p><span style=\"font-weight: 400;\">Studium pedagogick\u00e9ho minima d\u00e1lkov\u011b je skv\u011blou volbou, pokud pot\u0159ebujete flexibilitu. Jak na to?<\/span><\/p>\n<ul>\n<li style=\"font-weight: 400;\" aria-level=\"1\"><b>Kurz pedagogick\u00e9 minimum<\/b><span style=\"font-weight: 400;\">: Hledejte kurzy, kter\u00e9 jsou schv\u00e1len\u00e9 Ministerstvem \u0161kolstv\u00ed. Tyto kurzy mohou b\u00fdt nab\u00edzeny vysok\u00fdmi \u0161kolami nebo soukrom\u00fdmi vzd\u011bl\u00e1vac\u00edmi institucemi.\u00a0<\/span><\/li>\n<li style=\"font-weight: 400;\" aria-level=\"1\"><b>Zvolte d\u00e1lkovou formu studia<\/b><span style=\"font-weight: 400;\">: Mnoho instituc\u00ed nab\u00edz\u00ed d\u00e1lkov\u00e9 nebo online kurzy, kter\u00e9 v\u00e1m umo\u017en\u00ed studovat z domova a p\u0159izp\u016fsobit si studijn\u00ed pl\u00e1n podle va\u0161ich pot\u0159eb.<\/span><\/li>\n<li style=\"font-weight: 400;\" aria-level=\"1\"><b>Organizace \u010dasu<\/b><span style=\"font-weight: 400;\">: D\u00e1lkov\u00e9 studium vy\u017eaduje dobrou organizaci \u010dasu a discipl\u00ednu.<\/span><\/li>\n<li style=\"font-weight: 400;\" aria-level=\"1\"><b>Vyu\u017eijte online zdroje<\/b><span style=\"font-weight: 400;\">: V\u011bt\u0161ina d\u00e1lkov\u00fdch kurz\u016f poskytuje p\u0159\u00edstup k online materi\u00e1l\u016fm, video p\u0159edn\u00e1\u0161k\u00e1m a diskusn\u00edm f\u00f3r\u016fm, kde m\u016f\u017eete komunikovat s lektory a ostatn\u00edmi studenty.<\/span><\/li>\n<li style=\"font-weight: 400;\" aria-level=\"1\"><b>Praktick\u00e1 \u010d\u00e1st<\/b><span style=\"font-weight: 400;\">: N\u011bkter\u00e9 kurzy mohou zahrnovat i praktickou \u010d\u00e1st, kterou m\u016f\u017eete absolvovat ve va\u0161em sou\u010dasn\u00e9m zam\u011bstn\u00e1n\u00ed nebo jako st\u00e1\u017e.<\/span><\/li>\n<\/ul>\n<h2><span class=\"ez-toc-section\" id=\"Rekvalifikacni_kurz_pedagogicke_minimum_pro_materske_skoly\"><\/span><span style=\"font-weight: 400;\">Rekvalifika\u010dn\u00ed kurz pedagogick\u00e9 minimum pro mate\u0159sk\u00e9 \u0161koly<\/span><span class=\"ez-toc-section-end\"><\/span><\/h2>\n<p><span style=\"font-weight: 400;\">Rekvalifika\u010dn\u00ed kurzy pedagogick\u00e9ho minima pro mate\u0159sk\u00e9 \u0161koly jsou ur\u010deny pro ty, kte\u0159\u00ed cht\u011bj\u00ed z\u00edskat kvalifikaci pro pr\u00e1ci s d\u011btmi v p\u0159ed\u0161koln\u00edm vzd\u011bl\u00e1v\u00e1n\u00ed. N\u011bkter\u00e9 z nich n<\/span><span style=\"font-weight: 400;\">ab\u00edzej\u00ed d\u00e1lkov\u00e9 studium p\u0159ed\u0161koln\u00ed a mimo\u0161koln\u00ed pedagogiky, kter\u00e9 lze absolvovat i p\u0159i zam\u011bstn\u00e1n\u00ed. <\/span><span style=\"font-weight: 400;\">Tyto kurzy obvykle zahrnuj\u00ed <strong>teoretick\u00e9 i praktick\u00e9 \u010d\u00e1sti<\/strong>, jako je metodika veden\u00ed v\u00fduky, tvorba osnov a pr\u00e1ce s vyu\u010dovac\u00edmi pom\u016fckami. D\u00e9lka kurzu se m\u016f\u017ee li\u0161it, ale v\u011bt\u0161inou trv\u00e1 n\u011bkolik m\u011bs\u00edc\u016f. V\u00edce informac\u00ed zjist\u00edte na p\u0159\u00edslu\u0161n\u00e9m \u00fa\u0159adu pr\u00e1ce.<\/span><\/p>\n","protected":false},"excerpt":{"rendered":"<p>L\u00e1k\u00e1 v\u00e1s kari\u00e9ra u\u010ditele? Nem\u00e1te v\u0161ak pot\u0159ebn\u00fd diplom? Existuje jednoduch\u00fd a relativn\u011b rychl\u00fd zp\u016fsob, jak z\u00edskat pot\u0159ebn\u00e9 vzd\u011bl\u00e1n\u00ed. Tento zp\u016fsob se naz\u00fdv\u00e1 pedagogick\u00e9 minimum. Tento dopl\u0148uj\u00edc\u00ed kurz pedagogiky lze snadno skloubit s va\u0161\u00ed sou\u010dasnou prac\u00ed. Co takov\u00e9 studium zahrnuje, jak\u00e9 programy jsou k dispozici a kde se m\u016f\u017eete p\u0159ihl\u00e1sit? To se dozv\u00edte v n\u00e1sleduj\u00edc\u00edch \u0159\u00e1dc\u00edch. [&hellip;]<\/p>\n","protected":false},"author":14,"featured_media":9962,"comment_status":"open","ping_status":"open","sticky":false,"template":"","format":"standard","meta":{"_et_pb_use_builder":"","_et_pb_old_content":"","_et_gb_content_width":"","footnotes":""},"categories":[20,9],"tags":[35,6,32,36,8],"class_list":["post-1641","post","type-post","status-publish","format-standard","has-post-thumbnail","hentry","category-prace-a-kariera","category-vzdelavani","tag-kariera","tag-nabidka-kurzu","tag-rekvalifikace","tag-vzdelavaci-kurzy","tag-vzdelavani"],"yoast_head":"<!-- This site is optimized with the Yoast SEO plugin v27.5 - https:\/\/yoast.com\/product\/yoast-seo-wordpress\/ -->\n<title>Co je pedagogick\u00e9 minimum a kde ho z\u00edskat?<\/title>\n<meta name=\"description\" content=\"Chcete si roz\u0161\u00ed\u0159it vzd\u011bl\u00e1n\u00ed v oblasti humanitn\u00edch obor\u016f? Co je to pedagogick\u00e9 minimum a kde je m\u016f\u017eete vystudovat?\" \/>\n<meta name=\"robots\" content=\"index, follow, max-snippet:-1, max-image-preview:large, max-video-preview:-1\" \/>\n<link rel=\"canonical\" href=\"https:\/\/orangeacademy.cz\/clanky\/co-je-pedagogicke-minimum\/\" \/>\n<meta property=\"og:locale\" content=\"cs_CZ\" \/>\n<meta property=\"og:type\" content=\"article\" \/>\n<meta property=\"og:title\" content=\"Co je pedagogick\u00e9 minimum a kde ho z\u00edskat?\" \/>\n<meta property=\"og:description\" content=\"Chcete si roz\u0161\u00ed\u0159it vzd\u011bl\u00e1n\u00ed v oblasti humanitn\u00edch obor\u016f? Co je to pedagogick\u00e9 minimum a kde je m\u016f\u017eete vystudovat?\" \/>\n<meta property=\"og:url\" content=\"https:\/\/orangeacademy.cz\/clanky\/co-je-pedagogicke-minimum\/\" \/>\n<meta property=\"og:site_name\" content=\"Blog Orange Academy\" \/>\n<meta property=\"article:publisher\" content=\"https:\/\/www.facebook.com\/OrangeAcademy.sro\" \/>\n<meta property=\"article:published_time\" content=\"2024-12-30T07:10:20+00:00\" \/>\n<meta property=\"article:modified_time\" content=\"2025-02-14T15:02:55+00:00\" \/>\n<meta property=\"og:image\" content=\"https:\/\/orangeacademy.cz\/clanky\/wp-content\/uploads\/2020\/01\/hr.jpg\" \/>\n\t<meta property=\"og:image:width\" content=\"1200\" \/>\n\t<meta property=\"og:image:height\" content=\"800\" \/>\n\t<meta property=\"og:image:type\" content=\"image\/jpeg\" \/>\n<meta name=\"author\" content=\"Tereza Mal\u00edkov\u00e1\" \/>\n<meta name=\"twitter:card\" content=\"summary_large_image\" \/>\n<meta name=\"twitter:label1\" content=\"Napsal(a)\" \/>\n\t<meta name=\"twitter:data1\" content=\"Tereza Mal\u00edkov\u00e1\" \/>\n\t<meta name=\"twitter:label2\" content=\"Odhadovan\u00e1 doba \u010dten\u00ed\" \/>\n\t<meta name=\"twitter:data2\" content=\"5 minut\" \/>\n<!-- \/ Yoast SEO plugin. -->","yoast_head_json":{"title":"Co je pedagogick\u00e9 minimum a kde ho z\u00edskat?","description":"Chcete si roz\u0161\u00ed\u0159it vzd\u011bl\u00e1n\u00ed v oblasti humanitn\u00edch obor\u016f? Co je to pedagogick\u00e9 minimum a kde je m\u016f\u017eete vystudovat?","robots":{"index":"index","follow":"follow","max-snippet":"max-snippet:-1","max-image-preview":"max-image-preview:large","max-video-preview":"max-video-preview:-1"},"canonical":"https:\/\/orangeacademy.cz\/clanky\/co-je-pedagogicke-minimum\/","og_locale":"cs_CZ","og_type":"article","og_title":"Co je pedagogick\u00e9 minimum a kde ho z\u00edskat?","og_description":"Chcete si roz\u0161\u00ed\u0159it vzd\u011bl\u00e1n\u00ed v oblasti humanitn\u00edch obor\u016f? Co je to pedagogick\u00e9 minimum a kde je m\u016f\u017eete vystudovat?","og_url":"https:\/\/orangeacademy.cz\/clanky\/co-je-pedagogicke-minimum\/","og_site_name":"Blog Orange Academy","article_publisher":"https:\/\/www.facebook.com\/OrangeAcademy.sro","article_published_time":"2024-12-30T07:10:20+00:00","article_modified_time":"2025-02-14T15:02:55+00:00","og_image":[{"width":1200,"height":800,"url":"https:\/\/orangeacademy.cz\/clanky\/wp-content\/uploads\/2020\/01\/hr.jpg","type":"image\/jpeg"}],"author":"Tereza Mal\u00edkov\u00e1","twitter_card":"summary_large_image","twitter_misc":{"Napsal(a)":"Tereza Mal\u00edkov\u00e1","Odhadovan\u00e1 doba \u010dten\u00ed":"5 minut"},"schema":{"@context":"https:\/\/schema.org","@graph":[{"@type":"Article","@id":"https:\/\/orangeacademy.cz\/clanky\/co-je-pedagogicke-minimum\/#article","isPartOf":{"@id":"https:\/\/orangeacademy.cz\/clanky\/co-je-pedagogicke-minimum\/"},"author":{"name":"Tereza Mal\u00edkov\u00e1","@id":"https:\/\/orangeacademy.cz\/clanky\/#\/schema\/person\/4ffd8469465f64a0746bdedcf094510e"},"headline":"Co je pedagogick\u00e9 minimum a kde ho z\u00edskat?","datePublished":"2024-12-30T07:10:20+00:00","dateModified":"2025-02-14T15:02:55+00:00","mainEntityOfPage":{"@id":"https:\/\/orangeacademy.cz\/clanky\/co-je-pedagogicke-minimum\/"},"wordCount":1129,"commentCount":42,"image":{"@id":"https:\/\/orangeacademy.cz\/clanky\/co-je-pedagogicke-minimum\/#primaryimage"},"thumbnailUrl":"https:\/\/orangeacademy.cz\/clanky\/wp-content\/uploads\/2020\/01\/hr.jpg","keywords":["Kari\u00e9ra","Nab\u00eddka kurz\u016f","Rekvalifikace","Vzd\u011bl\u00e1vac\u00ed kurzy","Vzd\u011bl\u00e1v\u00e1n\u00ed"],"articleSection":["Pr\u00e1ce a kari\u00e9ra","Vzd\u011bl\u00e1v\u00e1n\u00ed"],"inLanguage":"cs","potentialAction":[{"@type":"CommentAction","name":"Comment","target":["https:\/\/orangeacademy.cz\/clanky\/co-je-pedagogicke-minimum\/#respond"]}]},{"@type":"WebPage","@id":"https:\/\/orangeacademy.cz\/clanky\/co-je-pedagogicke-minimum\/","url":"https:\/\/orangeacademy.cz\/clanky\/co-je-pedagogicke-minimum\/","name":"Co je pedagogick\u00e9 minimum a kde ho z\u00edskat?","isPartOf":{"@id":"https:\/\/orangeacademy.cz\/clanky\/#website"},"primaryImageOfPage":{"@id":"https:\/\/orangeacademy.cz\/clanky\/co-je-pedagogicke-minimum\/#primaryimage"},"image":{"@id":"https:\/\/orangeacademy.cz\/clanky\/co-je-pedagogicke-minimum\/#primaryimage"},"thumbnailUrl":"https:\/\/orangeacademy.cz\/clanky\/wp-content\/uploads\/2020\/01\/hr.jpg","datePublished":"2024-12-30T07:10:20+00:00","dateModified":"2025-02-14T15:02:55+00:00","author":{"@id":"https:\/\/orangeacademy.cz\/clanky\/#\/schema\/person\/4ffd8469465f64a0746bdedcf094510e"},"description":"Chcete si roz\u0161\u00ed\u0159it vzd\u011bl\u00e1n\u00ed v oblasti humanitn\u00edch obor\u016f? Co je to pedagogick\u00e9 minimum a kde je m\u016f\u017eete vystudovat?","breadcrumb":{"@id":"https:\/\/orangeacademy.cz\/clanky\/co-je-pedagogicke-minimum\/#breadcrumb"},"inLanguage":"cs","potentialAction":[{"@type":"ReadAction","target":["https:\/\/orangeacademy.cz\/clanky\/co-je-pedagogicke-minimum\/"]}]},{"@type":"ImageObject","inLanguage":"cs","@id":"https:\/\/orangeacademy.cz\/clanky\/co-je-pedagogicke-minimum\/#primaryimage","url":"https:\/\/orangeacademy.cz\/clanky\/wp-content\/uploads\/2020\/01\/hr.jpg","contentUrl":"https:\/\/orangeacademy.cz\/clanky\/wp-content\/uploads\/2020\/01\/hr.jpg","width":1200,"height":800,"caption":"pedagogick\u00e9 minimum"},{"@type":"BreadcrumbList","@id":"https:\/\/orangeacademy.cz\/clanky\/co-je-pedagogicke-minimum\/#breadcrumb","itemListElement":[{"@type":"ListItem","position":1,"name":"Home","item":"https:\/\/orangeacademy.cz\/clanky\/"},{"@type":"ListItem","position":2,"name":"Co je pedagogick\u00e9 minimum a kde ho z\u00edskat?"}]},{"@type":"WebSite","@id":"https:\/\/orangeacademy.cz\/clanky\/#website","url":"https:\/\/orangeacademy.cz\/clanky\/","name":"Blog Orange Academy","description":"Kurzy, rekvalifikace, lep\u0161\u00ed pr\u00e1ce i \u017eivot","potentialAction":[{"@type":"SearchAction","target":{"@type":"EntryPoint","urlTemplate":"https:\/\/orangeacademy.cz\/clanky\/?s={search_term_string}"},"query-input":{"@type":"PropertyValueSpecification","valueRequired":true,"valueName":"search_term_string"}}],"inLanguage":"cs"},{"@type":"Person","@id":"https:\/\/orangeacademy.cz\/clanky\/#\/schema\/person\/4ffd8469465f64a0746bdedcf094510e","name":"Tereza Mal\u00edkov\u00e1","image":{"@type":"ImageObject","inLanguage":"cs","@id":"https:\/\/secure.gravatar.com\/avatar\/0428bf3da72e3ab3df79c9f2997f275a3d67911de1bb6f0e1f4b4ab2f1fa68b9?s=96&d=wavatar&r=g","url":"https:\/\/secure.gravatar.com\/avatar\/0428bf3da72e3ab3df79c9f2997f275a3d67911de1bb6f0e1f4b4ab2f1fa68b9?s=96&d=wavatar&r=g","contentUrl":"https:\/\/secure.gravatar.com\/avatar\/0428bf3da72e3ab3df79c9f2997f275a3d67911de1bb6f0e1f4b4ab2f1fa68b9?s=96&d=wavatar&r=g","caption":"Tereza Mal\u00edkov\u00e1"},"url":"https:\/\/orangeacademy.cz\/clanky\/author\/drbohlavova\/"}]}},"_links":{"self":[{"href":"https:\/\/orangeacademy.cz\/clanky\/wp-json\/wp\/v2\/posts\/1641","targetHints":{"allow":["GET"]}}],"collection":[{"href":"https:\/\/orangeacademy.cz\/clanky\/wp-json\/wp\/v2\/posts"}],"about":[{"href":"https:\/\/orangeacademy.cz\/clanky\/wp-json\/wp\/v2\/types\/post"}],"author":[{"embeddable":true,"href":"https:\/\/orangeacademy.cz\/clanky\/wp-json\/wp\/v2\/users\/14"}],"replies":[{"embeddable":true,"href":"https:\/\/orangeacademy.cz\/clanky\/wp-json\/wp\/v2\/comments?post=1641"}],"version-history":[{"count":15,"href":"https:\/\/orangeacademy.cz\/clanky\/wp-json\/wp\/v2\/posts\/1641\/revisions"}],"predecessor-version":[{"id":10193,"href":"https:\/\/orangeacademy.cz\/clanky\/wp-json\/wp\/v2\/posts\/1641\/revisions\/10193"}],"wp:featuredmedia":[{"embeddable":true,"href":"https:\/\/orangeacademy.cz\/clanky\/wp-json\/wp\/v2\/media\/9962"}],"wp:attachment":[{"href":"https:\/\/orangeacademy.cz\/clanky\/wp-json\/wp\/v2\/media?parent=1641"}],"wp:term":[{"taxonomy":"category","embeddable":true,"href":"https:\/\/orangeacademy.cz\/clanky\/wp-json\/wp\/v2\/categories?post=1641"},{"taxonomy":"post_tag","embeddable":true,"href":"https:\/\/orangeacademy.cz\/clanky\/wp-json\/wp\/v2\/tags?post=1641"}],"curies":[{"name":"wp","href":"https:\/\/api.w.org\/{rel}","templated":true}]}}